{"id":590865,"date":"2026-07-18T13:08:14","date_gmt":"2026-07-18T13:08:14","guid":{"rendered":"https:\/\/www.europesays.com\/it\/590865\/"},"modified":"2026-07-18T13:08:14","modified_gmt":"2026-07-18T13:08:14","slug":"fedez-e-di-nuovo-papa-e-nato-il-figlio-con-la-compagna-giulia-honegger-una-gioia-cosi-grande","status":"publish","type":"post","link":"https:\/\/www.europesays.com\/it\/590865\/","title":{"rendered":"Fedez \u00e8 di nuovo pap\u00e0, \u00e8 nato il figlio con la compagna Giulia Honegger: &#8220;Una gioia cos\u00ec grande&#8221;"},"content":{"rendered":"<p>    di<br \/>\n    Redazione Spettacoli<\/p>\n<p class=\"summary-art is-line-h-12\">Il rapper ha accolto il terzogenito e ha pubblicato alcuni scatti sui social<\/p>\n<p class=\"chapter-paragraph\">Dopo ore di indiscrezioni, la conferma ufficiale: <b>Fedez \u00e8 diventato pap\u00e0<\/b> per la terza volta e sui social ha condiviso l&#8217;emozione di accogliere il figlio avuto con la compagna <b>Giulia Honegger<\/b>. &#8220;Una gioia cos\u00ec grande&#8221;, ha commentato il rapper a corredo di alcune immagini che lo ritraggono teneramente abbracciato alla compagna e al neonato.<\/p>\n<p class=\"chapter-paragraph\">Secondo le notizie che hanno iniziato a circolare ieri a partire dal sito di &#8220;Gente&#8221;, il bambino si chiamerebbe <b>Edoardo Lupo<\/b>\u00a0(e proprio Edo viene anche chiamato in un disegno del primogenito Leone che raffigura la famiglia allargata) e sarebbe nato gioved\u00ec 16 luglio all&#8217;ospedale San Raffaele di Milano.\u00a0    &#13;<br \/>\n&#13;<br \/>\n&#13;<br \/>\n&#13;<br \/>\n&#13;<br \/>\n&#13;<br \/>\n&#13;<br \/>\n&#13;<br \/>\n&#13;<br \/>\n&#13;<br \/>\n&#13;<br \/>\n&#13;<br \/>\n&#13;<br \/>\n&#13;<br \/>\n&#13;<br \/>\n&#13;<br \/>\n&#13;<br \/>\n&#13;<br \/>\n&#13;<br \/>\n&#13;<br \/>\n&#13;<br \/>\n&#13;<br \/>\n&#13;<br \/>\n&#13;<br \/>\n&#13;<br \/>\n&#13;<br \/>\n&#13;<br \/>\n&#13;<br \/>\n&#13;<br \/>\n&#13;<br \/>\n&#13;<br \/>\n&#13;<br \/>\n&#13;<br \/>\n&#13;<br \/>\n&#13;<br \/>\n&#13;<br \/>\n&#13;<br \/>\n&#13;<br \/>\n&#13;<br \/>\n&#13;<br \/>\n&#13;<br \/>\n&#13;<br \/>\n&#13;<br \/>\n&#13;<br \/>\n&#13;<br \/>\n&#13;<br \/>\n&#13;<br \/>\n&#13;<br \/>\n&#13;<br \/>\n&#13;<br \/>\n&#13;<br \/>\n&#13;<br \/>\n&#13;\n<\/p>\n<p class=\"chapter-paragraph\">Fedez, 36 anni, \u00e8 gi\u00e0 padre di due figli avuti dalla ex moglie Chiara Ferragni, <b>Leone e Vittoria,<\/b> ma rispetto al passato ha dato un taglio netto alla condivisione della sua vita personale sui social, limitandosi a qualche scatto di tanto in tanto. Per<b> Honegger, 23 anni,<\/b> imprenditrice nel mondo della moda, si tratta invece del <b>primo figlio<\/b>.\u00a0<\/p>\n<p class=\"chapter-paragraph\">Dopo la condivisione del post, molti personaggi dello spettacolo si sono congratulati con Fedez lasciando un commento sui social: &#8220;Auguroni Papi e Mami&#8221;, ha scritto <b>Arisa<\/b>, &#8220;Auguri Fede&#8221;, ha scritto <b>Mara Sattei<\/b>, entrambe con lui in gara all&#8217;ultimo Festival di Sanremo. &#8220;Congrats&#8221; ha commentato invece <b>Skin degli Skunk Anansie<\/b>, accanto a lui giudice a X Factor nel 2015.<\/p>\n<p class=\"is-last-update\" datetime=\"2026-07-18T13:30:42+02:00\">18 luglio 2026 ( modifica il 18 luglio 2026 | 13:30)<\/p>\n<p class=\"is-copyright\">\n            \u00a9 RIPRODUZIONE RISERVATA\n        <\/p>\n","protected":false},"excerpt":{"rendered":"di Redazione Spettacoli Il rapper ha accolto il terzogenito e ha pubblicato alcuni scatti sui social Dopo ore&hellip;\n","protected":false},"author":3,"featured_media":590866,"comment_status":"","ping_status":"","sticky":false,"template":"","format":"standard","meta":{"footnotes":"","_share_on_mastodon":"0"},"categories":[174],"tags":[17278,6982,252640,325735,15958,203,466,325736,2716,289724,325737,19143,2618,35915,325738,35916,204,1537,90,89,1686],"class_list":["post-590865","post","type-post","status-publish","format-standard","has-post-thumbnail","category-intrattenimento","tag-commentato","tag-compagna","tag-compagna-giulia","tag-compagna-giulia-honegger","tag-condivisione","tag-entertainment","tag-fedez","tag-fedez-papa","tag-figlio","tag-figlio-compagna","tag-figlio-compagna-giulia","tag-gioia","tag-giulia","tag-giulia-honegger","tag-giulia-honegger-gioia","tag-honegger","tag-intrattenimento","tag-it","tag-italia","tag-italy","tag-social"],"share_on_mastodon":{"url":"https:\/\/pubeurope.com\/@it\/116941141413801734","error":""},"_links":{"self":[{"href":"https:\/\/www.europesays.com\/it\/wp-json\/wp\/v2\/posts\/590865","targetHints":{"allow":["GET"]}}],"collection":[{"href":"https:\/\/www.europesays.com\/it\/wp-json\/wp\/v2\/posts"}],"about":[{"href":"https:\/\/www.europesays.com\/it\/wp-json\/wp\/v2\/types\/post"}],"author":[{"embeddable":true,"href":"https:\/\/www.europesays.com\/it\/wp-json\/wp\/v2\/users\/3"}],"replies":[{"embeddable":true,"href":"https:\/\/www.europesays.com\/it\/wp-json\/wp\/v2\/comments?post=590865"}],"version-history":[{"count":0,"href":"https:\/\/www.europesays.com\/it\/wp-json\/wp\/v2\/posts\/590865\/revisions"}],"wp:featuredmedia":[{"embeddable":true,"href":"https:\/\/www.europesays.com\/it\/wp-json\/wp\/v2\/media\/590866"}],"wp:attachment":[{"href":"https:\/\/www.europesays.com\/it\/wp-json\/wp\/v2\/media?parent=590865"}],"wp:term":[{"taxonomy":"category","embeddable":true,"href":"https:\/\/www.europesays.com\/it\/wp-json\/wp\/v2\/categories?post=590865"},{"taxonomy":"post_tag","embeddable":true,"href":"https:\/\/www.europesays.com\/it\/wp-json\/wp\/v2\/tags?post=590865"}],"curies":[{"name":"wp","href":"https:\/\/api.w.org\/{rel}","templated":true}]}}