{"id":590883,"date":"2026-07-18T13:26:17","date_gmt":"2026-07-18T13:26:17","guid":{"rendered":"https:\/\/www.europesays.com\/it\/590883\/"},"modified":"2026-07-18T13:26:17","modified_gmt":"2026-07-18T13:26:17","slug":"juve-su-richarlison-del-tottenham-la-trattativa-e-il-ruolo-di-de-zerbi","status":"publish","type":"post","link":"https:\/\/www.europesays.com\/it\/590883\/","title":{"rendered":"Juve su Richarlison del Tottenham: la trattativa e il ruolo di De Zerbi"},"content":{"rendered":"<p>                                L&#8217;attaccante brasiliano \u00e8 gi\u00e0 stato ospite alla Continassa nel 2021 con il Brasile, \u00e8 a un anno dalla scadenza e pu\u00f2 lasciare il Tottenham<\/p>\n<p>            <a class=\"image is-50x50\" href=\"https:\/\/www.gazzetta.it\/redazione\/giovanni-albanese\/\" rel=\"nofollow noopener\" target=\"_blank\"><br \/>\n                <img decoding=\"async\" class=\"is-rounded\" src=\"https:\/\/www.europesays.com\/it\/wp-content\/uploads\/2026\/02\/giovanni-albanese_avatar.png\" alt=\"Giovanni Albanese\"\/><br \/>\n            <\/a><\/p>\n<p>Giornalista<\/p>\n<p>                    18 luglio &#8211; 14:18  &#8211; MILANO<\/p>\n<p class=\"paragraph\" spellcheck=\"true\">Da un lato i nomi di sempre, dall\u2019altro le occasioni e magari qualche sorpresa. Il mercato della Juve in questi primi giorni di governo Carnevali-Massara ha cambiato forma e passo, anche grazie a un lavoro certosino che si sviluppa sottotraccia. <a href=\"https:\/\/www.gazzetta.it\/Calcio\/Calciomercato\/Juventus\/17-07-2026\/cosi-la-juve-ha-soffiato-celik-alla-roma-il-blitz-e-la-mossa-di-massara.shtml?intcmp=hyperlink-articolo-gazit\" title=\"Cos\u00ec la Juve ha soffiato Celik alla Roma: il blitz segreto e la mossa di Massara\" rel=\"nofollow noopener\" target=\"_blank\">Il blitz portato a termine con Celik<\/a> ne \u00e8 una dimostrazione, al punto che i due dirigenti potrebbero proseguire su questa rotta. Tra le priorit\u00e0 c\u2019\u00e8 l\u2019attaccante e i nomi gettonati sono chiari da tempo: un po\u2019 come Celik, Kolo Muani \u00e8 in cima alla lista dei dirigenti juventini da molto tempo e non solo lui. Le sorprese, per\u00f2, non sono da escludere e dipende tutto dalle occasioni: il profilo di Richarlison \u00e8 da tenere d\u2019occhio perch\u00e9 pu\u00f2 diventare una soluzione per risolvere le esigenze della Juve, considerato che il brasiliano \u00e8 potenzialmente in uscita dal Tottenham.\u00a0<\/p>\n<p>        DA MONITORARE\u2014 \u00a0<\/p>\n<p class=\"paragraph\" spellcheck=\"true\">L\u2019opportunit\u00e0 nasce da una serie di condizioni che potrebbero essere favorevoli alla Juventus. <a href=\"https:\/\/www.gazzetta.it\/Calcio\/Serie-A\/Juventus\/16-07-2026\/juve-su-richarlison-chi-e-l-attaccante-brasiliano-del-tottenham.shtml?intcmp=hyperlink-articolo-gazit\" title=\"\" i=\"\" crismi=\"\" per=\"\" diventare=\"\" un=\"\" criminale=\"\" il=\"\" gol=\"\" del=\"\" mondiale=\"\" e=\"\" la=\"\" depressione:=\"\" juve=\"\" chi=\"\" richarlison=\"\" crism juv ch rel=\"nofollow noopener\" target=\"_blank\">Richarlison<\/a> \u00e8 un calciatore alla ricerca di una squadra che possa rilanciarlo sulla grande scena, esattamente come la Juve intende riprendere la strada del successo. In pi\u00f9 il numero 9 ha le caratteristiche richieste da Spalletti e il contratto con il Tottenham \u00e8 a un anno dalla scadenza: anche per questo viene considerato da De Zerbi un giocatore sacrificabile. A tutto questo bisogna aggiungere proprio la componente De Zerbi, in quanto l\u2019allenatore ha la piena fiducia di Carnevali e potrebbe essere lui per primo a sponsorizzare l&#8217;attaccante al suo ex direttore.\u00a0<\/p>\n<p><a class=\"is-partner-link\" href=\"https:\/\/aipredictor.gazzetta.it\/?intcmp=calciomercato\" rel=\"nofollow noopener\" target=\"_blank\">Promo Mondiale 1\u20ac al mese per 3 mesi &#8211; Scopri chi vince con Gazzetta AI Predictor!<\/a><\/p>\n<p>        valutazioni\u2014 \u00a0<\/p>\n<p class=\"paragraph\" spellcheck=\"true\">Il giocatore, che ha gi\u00e0 ricevuto delle ricche offerte dalla Turchia (su tutte quella del Fenerbahce), conosce gi\u00e0 il contesto juventino e lo apprezza molto: in vista del Mondiale 2021 il Brasile scelse di andare in ritiro proprio nel centro sportivo della <a href=\"https:\/\/www.gazzetta.it\/calcio\/squadre\/juventus\/notizie\/\" rel=\"nofollow noopener\" target=\"_blank\">Juventus<\/a>, cos\u00ec Richarlison ebbe modo di vivere le strutture del club. Se potr\u00e0 esserci o meno la possibilit\u00e0 di approdare a Torino adesso, da neo giocatore bianconero, dipender\u00e0 dall\u2019esito delle altre trattative aperte aperte: la Juve vuole accelerare sul fronte Kolo Muani anche per capire se accontentarsi di un secondo rinforzo di prospettiva (il primo nome in coppia al francese \u00e8 Pellegrino del Parma) o riaprire le candidature tra le occasioni disponibili nel mercato internazionale.<\/p>\n<p class=\"is-copyright\">\u00a9 RIPRODUZIONE RISERVATA<\/p>\n","protected":false},"excerpt":{"rendered":"L&#8217;attaccante brasiliano \u00e8 gi\u00e0 stato ospite alla Continassa nel 2021 con il Brasile, \u00e8 a un anno dalla&hellip;\n","protected":false},"author":3,"featured_media":590884,"comment_status":"","ping_status":"","sticky":false,"template":"","format":"standard","meta":{"footnotes":"","_share_on_mastodon":"0"},"categories":[1452],"tags":[23138,562,3734,4433,721,6963,57055,9181,277,3068,6929,1740,564,1537,90,89,565,558,325748,572,573,1412,576,21438,39993,1739,245,244,24868,3070],"class_list":["post-590883","post","type-post","status-publish","format-standard","has-post-thumbnail","category-calcio","tag-aperte","tag-attaccante","tag-brasile","tag-brasiliano","tag-calcio","tag-carnevali","tag-celik","tag-considerato","tag-de","tag-de-zerbi","tag-dirigenti","tag-football","tag-giocatore","tag-it","tag-italia","tag-italy","tag-juve","tag-juventus","tag-juventus-richarlison","tag-kolo","tag-kolo-muani","tag-mercato","tag-muani","tag-occasioni","tag-richarlison","tag-soccer","tag-sport","tag-sports","tag-tottenham","tag-zerbi"],"share_on_mastodon":{"url":"https:\/\/pubeurope.com\/@it\/116941212869340340","error":""},"_links":{"self":[{"href":"https:\/\/www.europesays.com\/it\/wp-json\/wp\/v2\/posts\/590883","targetHints":{"allow":["GET"]}}],"collection":[{"href":"https:\/\/www.europesays.com\/it\/wp-json\/wp\/v2\/posts"}],"about":[{"href":"https:\/\/www.europesays.com\/it\/wp-json\/wp\/v2\/types\/post"}],"author":[{"embeddable":true,"href":"https:\/\/www.europesays.com\/it\/wp-json\/wp\/v2\/users\/3"}],"replies":[{"embeddable":true,"href":"https:\/\/www.europesays.com\/it\/wp-json\/wp\/v2\/comments?post=590883"}],"version-history":[{"count":0,"href":"https:\/\/www.europesays.com\/it\/wp-json\/wp\/v2\/posts\/590883\/revisions"}],"wp:featuredmedia":[{"embeddable":true,"href":"https:\/\/www.europesays.com\/it\/wp-json\/wp\/v2\/media\/590884"}],"wp:attachment":[{"href":"https:\/\/www.europesays.com\/it\/wp-json\/wp\/v2\/media?parent=590883"}],"wp:term":[{"taxonomy":"category","embeddable":true,"href":"https:\/\/www.europesays.com\/it\/wp-json\/wp\/v2\/categories?post=590883"},{"taxonomy":"post_tag","embeddable":true,"href":"https:\/\/www.europesays.com\/it\/wp-json\/wp\/v2\/tags?post=590883"}],"curies":[{"name":"wp","href":"https:\/\/api.w.org\/{rel}","templated":true}]}}