{"id":591019,"date":"2026-07-18T15:18:15","date_gmt":"2026-07-18T15:18:15","guid":{"rendered":"https:\/\/www.europesays.com\/it\/591019\/"},"modified":"2026-07-18T15:18:15","modified_gmt":"2026-07-18T15:18:15","slug":"la-promessa-anticipazioni-13-19-luglio-angela-scompare-lorenzo-ricatta-leocadia-2","status":"publish","type":"post","link":"https:\/\/www.europesays.com\/it\/591019\/","title":{"rendered":"La Promessa, anticipazioni 13-19 luglio: Angela scompare, Lorenzo ricatta Leocadia"},"content":{"rendered":"<p>                Anticipazioni domenica 19 luglio 2026 <\/p>\n<p>Manuel e Leocadia arriveranno alla firma di un contratto importante. L\u2019accordo stabilir\u00e0 che Manuel sar\u00e0 a capo della gestione tecnica dell\u2019impresa per cinque anni. Si tratta di un passaggio decisivo per il futuro del suo progetto, ma anche di una mossa che continuer\u00e0 a legarlo a Leocadia.<\/p>\n<p>Mentre Manuel guarda al futuro professionale, la Promessa rester\u00e0 per\u00f2 segnata dalla scomparsa di Angela e dal ricatto di Lorenzo. La settimana si chiuder\u00e0 quindi con pi\u00f9 fronti aperti: Curro ancora in ansia per la donna che ama, Leocadia sotto pressione e Manuel impegnato a difendere il proprio sogno imprenditoriale.<\/p>\n","protected":false},"excerpt":{"rendered":"Anticipazioni domenica 19 luglio 2026 Manuel e Leocadia arriveranno alla firma di un contratto importante. L\u2019accordo stabilir\u00e0 che&hellip;\n","protected":false},"author":3,"featured_media":584146,"comment_status":"","ping_status":"","sticky":false,"template":"","format":"standard","meta":{"footnotes":"","_share_on_mastodon":"0"},"categories":[1444],"tags":[1518,199345,179238,89886,203,204,1537,90,89,116504,236215,44206,146995,253],"class_list":["post-591019","post","type-post","status-publish","format-standard","has-post-thumbnail","category-tv","tag-anticipazioni","tag-anticipazioni-la-promessa","tag-anticipazioni-oggi","tag-anticipazioni-tv","tag-entertainment","tag-intrattenimento","tag-it","tag-italia","tag-italy","tag-la-promessa","tag-la-promessa-anticipazioni","tag-rete-4","tag-rete4","tag-tv"],"share_on_mastodon":{"url":"https:\/\/pubeurope.com\/@it\/116941652485812689","error":""},"_links":{"self":[{"href":"https:\/\/www.europesays.com\/it\/wp-json\/wp\/v2\/posts\/591019","targetHints":{"allow":["GET"]}}],"collection":[{"href":"https:\/\/www.europesays.com\/it\/wp-json\/wp\/v2\/posts"}],"about":[{"href":"https:\/\/www.europesays.com\/it\/wp-json\/wp\/v2\/types\/post"}],"author":[{"embeddable":true,"href":"https:\/\/www.europesays.com\/it\/wp-json\/wp\/v2\/users\/3"}],"replies":[{"embeddable":true,"href":"https:\/\/www.europesays.com\/it\/wp-json\/wp\/v2\/comments?post=591019"}],"version-history":[{"count":0,"href":"https:\/\/www.europesays.com\/it\/wp-json\/wp\/v2\/posts\/591019\/revisions"}],"wp:featuredmedia":[{"embeddable":true,"href":"https:\/\/www.europesays.com\/it\/wp-json\/wp\/v2\/media\/584146"}],"wp:attachment":[{"href":"https:\/\/www.europesays.com\/it\/wp-json\/wp\/v2\/media?parent=591019"}],"wp:term":[{"taxonomy":"category","embeddable":true,"href":"https:\/\/www.europesays.com\/it\/wp-json\/wp\/v2\/categories?post=591019"},{"taxonomy":"post_tag","embeddable":true,"href":"https:\/\/www.europesays.com\/it\/wp-json\/wp\/v2\/tags?post=591019"}],"curies":[{"name":"wp","href":"https:\/\/api.w.org\/{rel}","templated":true}]}}