{"id":591022,"date":"2026-07-18T15:20:20","date_gmt":"2026-07-18T15:20:20","guid":{"rendered":"https:\/\/www.europesays.com\/it\/591022\/"},"modified":"2026-07-18T15:20:20","modified_gmt":"2026-07-18T15:20:20","slug":"trailer-da-brividi-per-il-film-su-giulia","status":"publish","type":"post","link":"https:\/\/www.europesays.com\/it\/591022\/","title":{"rendered":"Trailer da brividi per il film su Giulia"},"content":{"rendered":"<p>A tre anni di distanza da quel novembre 2023 che ha segnato profondamente la coscienza dell\u2019Italia,<strong> la tragica vicenda dell\u2019omicidio di Giulia Cecchettin,<\/strong> uccisa a coltellate dall\u2019ex fidanzato Filippo Turetta, approda sul grande schermo. Il film, intitolato \u201cSe domani non torno\u201d, uscir\u00e0 nelle sale il prossimo 5 novembre, e il trailer \u00e8 gi\u00e0 da brividi.<\/p>\n<p>Per ricostruire con autenticit\u00e0 l\u2019atmosfera e i luoghi del Veneto che hanno fatto da sfondo a questa storia, la produzione ha scelto di ambientare diverse scene cruciali tra Padova e il Veneziano, <strong>ma anche a Lusia, nel cuore del Polesine. Tra Sant\u2019Urbano e Lusia, infatti, a marzo scorso era stata fotografata la troupe, in particolare in via della Torre, accanto alla torre Morosini e al parco delle Rimembranze<\/strong>.<\/p>\n<p>La pellicola, diretta da Paola Randi e sceneggiata insieme a Lisa Nur Sultan, trae ispirazione dal libro \u201cCara Giulia\u201d, scritto dal padre Gino Cecchettin con Marco Franzoso. Una scelta artistica radicale caratterizza l\u2019intera opera: la figura dell\u2019assassino Turetta \u00e8 completamente assente. Non c\u2019\u00e8 alcun attore a interpretare chi ha spento la vita della giovane studentessa; una decisione che punta a spostare il focus dalla cronaca nera alla memoria della vittima e alla resilienza di una famiglia che ha saputo trasformare un trauma indicibile in un impegno civile collettivo. <strong>Compare invece la dolcissima mamma di Gino Cecchettin, nonna Carla Gatto, morta per un malore nel febbraio del 2025<\/strong> e residente a San Martino di Venezze. Paese a cui Gino \u00e8 molto affezionato essendo cresciuto proprio in Polesine.<\/p>\n<p>Nel cast, Filippo Timi presta il volto a Gino Cecchettin, affiancato da Sabrina Martina nel ruolo di Giulia, mentre Tecla Bossi e Tommaso Allione interpretano i fratelli Elena e Davide.<\/p>\n<p><strong>\u201cSe domani non torno\u201d non intende essere una<\/strong> mera ricostruzione dei fatti di cronaca, quanto piuttosto uno strumento di impatto sociale. La produzione, curata da Notorious Pictures in collaborazione con Sky Cinema, punta a dialogare con le nuove generazioni, con i genitori e con il mondo della scuola.<\/p>\n<p>L\u2019intento dichiarato dallo stesso Gino Cecchettin, il suo grande messaggio rivoluzionario \u00e8 quello di superare il dolore della scomparsa per farsi veicolo di un messaggio civile necessario: generare consapevolezza, combattere la legittimazione di comportamenti tossici e promuovere un cambiamento culturale che impedisca il ripetersi di simili tragedie. Anche nella costruzione del film \u00e8 stato determinante il supporto della famiglia Cecchettin.<\/p>\n","protected":false},"excerpt":{"rendered":"A tre anni di distanza da quel novembre 2023 che ha segnato profondamente la coscienza dell\u2019Italia, la tragica&hellip;\n","protected":false},"author":3,"featured_media":591023,"comment_status":"","ping_status":"","sticky":false,"template":"","format":"standard","meta":{"footnotes":"","_share_on_mastodon":"0"},"categories":[1442],"tags":[640,203,2423,454,80140,204,1537,90,89,1521,221889,25423],"class_list":["post-591022","post","type-post","status-publish","format-standard","has-post-thumbnail","category-film","tag-cinema","tag-entertainment","tag-femminicidio","tag-film","tag-giulia-cecchettin","tag-intrattenimento","tag-it","tag-italia","tag-italy","tag-movies","tag-violenza-di-genere","tag-violenza-sulle-donne"],"share_on_mastodon":{"url":"https:\/\/pubeurope.com\/@it\/116941660228520109","error":""},"_links":{"self":[{"href":"https:\/\/www.europesays.com\/it\/wp-json\/wp\/v2\/posts\/591022","targetHints":{"allow":["GET"]}}],"collection":[{"href":"https:\/\/www.europesays.com\/it\/wp-json\/wp\/v2\/posts"}],"about":[{"href":"https:\/\/www.europesays.com\/it\/wp-json\/wp\/v2\/types\/post"}],"author":[{"embeddable":true,"href":"https:\/\/www.europesays.com\/it\/wp-json\/wp\/v2\/users\/3"}],"replies":[{"embeddable":true,"href":"https:\/\/www.europesays.com\/it\/wp-json\/wp\/v2\/comments?post=591022"}],"version-history":[{"count":0,"href":"https:\/\/www.europesays.com\/it\/wp-json\/wp\/v2\/posts\/591022\/revisions"}],"wp:featuredmedia":[{"embeddable":true,"href":"https:\/\/www.europesays.com\/it\/wp-json\/wp\/v2\/media\/591023"}],"wp:attachment":[{"href":"https:\/\/www.europesays.com\/it\/wp-json\/wp\/v2\/media?parent=591022"}],"wp:term":[{"taxonomy":"category","embeddable":true,"href":"https:\/\/www.europesays.com\/it\/wp-json\/wp\/v2\/categories?post=591022"},{"taxonomy":"post_tag","embeddable":true,"href":"https:\/\/www.europesays.com\/it\/wp-json\/wp\/v2\/tags?post=591022"}],"curies":[{"name":"wp","href":"https:\/\/api.w.org\/{rel}","templated":true}]}}