{"id":591034,"date":"2026-07-18T15:26:19","date_gmt":"2026-07-18T15:26:19","guid":{"rendered":"https:\/\/www.europesays.com\/it\/591034\/"},"modified":"2026-07-18T15:26:19","modified_gmt":"2026-07-18T15:26:19","slug":"il-volo-del-globemaster-americano-che-evita-lo-spazio-aereo-italiano-la-rotta-anomala-della-missione-da-regno-unito-alla-base-di-misurata","status":"publish","type":"post","link":"https:\/\/www.europesays.com\/it\/591034\/","title":{"rendered":"Il volo del Globemaster americano che evita lo spazio aereo italiano, la rotta anomala della missione da Regno Unito alla base di Misurata"},"content":{"rendered":"<p>Una rotta anomala, che apre a interrogativi. Un C-17A Globemaster III dell&#8217;Usaf, operante dalla base Raf di Mildenhall, ha effettuato oggi una sosta degna di nota presso la base aerea di Misurata, nella Libia occidentale, rimanendo a terra per circa quattro ore prima di fare ritorno nel Regno Unito. <strong>Ma\u00a0ad attirare l&#8217;attenzione, <a href=\"https:\/\/www.itamilradar.com\/2026\/07\/18\/usaf-c-17-stops-in-misrata-before-returning-to-raf-mildenhall-highlighting-libya-air-bridge-activity\/\" target=\"_blank\" rel=\"nofollow noopener\">spiega Itamilradar<\/a> che ha tracciato i movimenti,\u00a0non \u00e8 solo la sua destinazione, ma perch\u00e9 abbia deliberatamente evitato lo spazio aereo italiano. Sia all&#8217;andata che al ritorno<\/strong>.<\/p>\n<p><img decoding=\"async\" alt=\"\" src=\"https:\/\/www.europesays.com\/it\/wp-content\/uploads\/2026\/07\/c_17_test_sortie_18145539.jpg\"\/><\/p>\n<p>La rotta anomala del Globemaster <\/p>\n<p>L&#8217;aereo \u00e8 decollato dalla base Raf di Mildenhall e ha volato verso sud-est attraverso l&#8217;Europa settentrionale prima di entrare nei Balcani e proseguire sopra la Grecia in direzione della Libia. <strong>Dopo aver trascorso diverse ore a terra a Misurata, ha ripercorso una rotta altrettanto insolita per tornare nel Regno Unito, rimanendo ancora una volta al di fuori dello spazio aereo italiano<\/strong>.\u00a0Sebbene i voli di trasporto militare modifichino regolarmente le loro rotte per motivi operativi, diplomatici o di gestione del traffico aereo, la coerenza del percorso in entrambe le direzioni \u00e8 particolarmente degna di nota. <strong>Invece di seguire uno dei corridoi pi\u00f9 diretti attraverso l&#8217;Italia, il C-17 \u00e8 rimasto a est della penisola italiana durante il viaggio di andata verso sud e ha seguito un percorso simile durante il viaggio di ritorno<\/strong>. Non \u00e8 chiaro se ci\u00f2 rifletta considerazioni di autorizzazione diplomatica, pianificazione specifica della missione o altri requisiti operativi. Tuttavia, la ripetizione deliberata della rotta suggerisce che l&#8217;evitamento dello spazio aereo italiano non sia stato casuale.<\/p>\n<p><img decoding=\"async\" alt=\"\" src=\"https:\/\/www.europesays.com\/it\/wp-content\/uploads\/2026\/07\/imr_6_18141401.jpg\"\/><\/p>\n<p>I motivi della missione <\/p>\n<p>La sosta di quattro ore a Misurata solleva anche interrogativi sulla natura della missione. I velivoli C-17 sono comunemente impiegati per il trasporto aereo strategico, per il trasporto di personale, attrezzature o merci a supporto di operazioni militari, forze alleate e attivit\u00e0 diplomatiche. In assenza di informazioni ufficiali, non \u00e8 possibile stabilire cosa sia stato consegnato o ritirato durante la sosta. <strong>Misurata \u00e8 da tempo un importante snodo logistico nella Libia occidentale, sede di attivit\u00e0 militari che coinvolgono sia le forze libiche che i partner internazionali<\/strong>. Le missioni di trasporto aereo strategico verso la base vengono monitorate solo occasionalmente, il che rende voli come quello odierno particolarmente interessanti per gli osservatori open-source. Se si tratti di una missione logistica isolata o parte di un pi\u00f9 ampio schema di attivit\u00e0 di trasporto aereo militare che coinvolge la Libia, potrebbe diventare pi\u00f9 chiaro nei prossimi giorni, man mano che verranno osservati ulteriori movimenti.<\/p>\n<p>&#13;<br \/>\n                                \u00a9 RIPRODUZIONE RISERVATA&#13;<\/p>\n<p>&#13;<\/p>\n<p>\n                            Il punto sui temi di attualit\u00e0, ogni luned\u00ec<br \/>\n                            <b>Iscriviti<\/b> e ricevi le notizie via email\n                        <\/p>\n","protected":false},"excerpt":{"rendered":"Una rotta anomala, che apre a interrogativi. Un C-17A Globemaster III dell&#8217;Usaf, operante dalla base Raf di Mildenhall,&hellip;\n","protected":false},"author":3,"featured_media":591035,"comment_status":"","ping_status":"","sticky":false,"template":"","format":"standard","meta":{"footnotes":"","_share_on_mastodon":"0"},"categories":[160],"tags":[14,164,165,166,2737,7,15,39548,242,11,167,12,168,325806,161,162,163],"class_list":["post-591034","post","type-post","status-publish","format-standard","has-post-thumbnail","category-mondo","tag-cronaca","tag-dal-mondo","tag-dalmondo","tag-mondo","tag-nato","tag-news","tag-notizie","tag-spazio-aereo","tag-stati-uniti","tag-ultime-notizie","tag-ultime-notizie-di-mondo","tag-ultimenotizie","tag-ultimenotiziedimondo","tag-volo-globemaster","tag-world","tag-world-news","tag-worldnews"],"share_on_mastodon":{"url":"https:\/\/pubeurope.com\/@it\/116941684659293525","error":""},"_links":{"self":[{"href":"https:\/\/www.europesays.com\/it\/wp-json\/wp\/v2\/posts\/591034","targetHints":{"allow":["GET"]}}],"collection":[{"href":"https:\/\/www.europesays.com\/it\/wp-json\/wp\/v2\/posts"}],"about":[{"href":"https:\/\/www.europesays.com\/it\/wp-json\/wp\/v2\/types\/post"}],"author":[{"embeddable":true,"href":"https:\/\/www.europesays.com\/it\/wp-json\/wp\/v2\/users\/3"}],"replies":[{"embeddable":true,"href":"https:\/\/www.europesays.com\/it\/wp-json\/wp\/v2\/comments?post=591034"}],"version-history":[{"count":0,"href":"https:\/\/www.europesays.com\/it\/wp-json\/wp\/v2\/posts\/591034\/revisions"}],"wp:featuredmedia":[{"embeddable":true,"href":"https:\/\/www.europesays.com\/it\/wp-json\/wp\/v2\/media\/591035"}],"wp:attachment":[{"href":"https:\/\/www.europesays.com\/it\/wp-json\/wp\/v2\/media?parent=591034"}],"wp:term":[{"taxonomy":"category","embeddable":true,"href":"https:\/\/www.europesays.com\/it\/wp-json\/wp\/v2\/categories?post=591034"},{"taxonomy":"post_tag","embeddable":true,"href":"https:\/\/www.europesays.com\/it\/wp-json\/wp\/v2\/tags?post=591034"}],"curies":[{"name":"wp","href":"https:\/\/api.w.org\/{rel}","templated":true}]}}