{"id":591108,"date":"2026-07-18T16:36:15","date_gmt":"2026-07-18T16:36:15","guid":{"rendered":"https:\/\/www.europesays.com\/it\/591108\/"},"modified":"2026-07-18T16:36:15","modified_gmt":"2026-07-18T16:36:15","slug":"inter-su-doue-vanderson-molina-e-read-per-il-dopo-dumfries","status":"publish","type":"post","link":"https:\/\/www.europesays.com\/it\/591108\/","title":{"rendered":"Inter su Dou\u00e9, Vanderson, Molina e Read per il dopo Dumfries"},"content":{"rendered":"<p>                                Sostituire l&#8217;esterno olandese resta uno dei nodi pi\u00f9 importanti per il futuro: l&#8217;inglese resta in pole, ma la societ\u00e0 sta valutando anche alternative, da Guela Dou\u00e9 alla novit\u00e0 Vanderson<\/p>\n<p class=\"paragraph\" spellcheck=\"true\">E se <a href=\"https:\/\/www.gazzetta.it\/Calcio\/Calciomercato\/Inter\/14-07-2026\/spence-inter-chi-e-e-come-gioca-l-esterno-ex-genoa-oggi-al-tottenham-e-al-mondiale.shtml?intcmp=hyperlink-articolo-gazit\" rel=\"nofollow noopener\" target=\"_blank\">Djed Spence<\/a> non varcasse mai i cancelli di Appiano? La domanda \u00e8 di quelle spontanee, lecite, soprattutto perch\u00e9 gli ultimi due profili individuati per sostituire Dumfries non sono arrivati per vari motivi. Palestra ha preferito la Premier, mentre l&#8217;israeliano Khalaili \u2013 l\u2019alternativa all\u2019esterno della Dea \u2013 \u00e8 stato fermato alle visite mediche. L\u2019ultimo finito in lista \u00e8 l\u2019inglese Spence, protagonista di un bel Mondiale contro l\u2019Inghilterra, ma in casa Inter comanda la prudenza. Il terzino a tutta fascia del Tottenham ha varie pretendenti. Per questo Marotta e Ausilio stanno sondando il terreno a caccia di altri profili.<\/p>\n<p>        le alternative\u2014 \u00a0<\/p>\n<p class=\"paragraph\" spellcheck=\"true\">Un nome seguito da diverso tempo \u00e8 il solito <a href=\"https:\/\/www.gazzetta.it\/Calcio\/Calciomercato\/Inter\/12-07-2026\/guela-doue-inter.shtml?intcmp=hyperlink-articolo-gazit\" rel=\"nofollow noopener\" target=\"_blank\">Gu\u00e9la Dou\u00e9<\/a>, terzino dello Strasburgo, fratello maggiore di D\u00e9sir\u00e9, due volte campione d\u2019Europa col Psg. Il discorso \u00e8 sempre lo stesso: il costo. L\u2019ivoriano, reduce anche lui da un bel Mondiale, costa almeno 40 milioni. Nell\u2019ultima annata ha collezionato due gol e sette assist in 34 presenze. L\u2019Inter lo monitora, ma il prezzo \u00e8 elevato. Nella lista c\u2019\u00e8 anche Vanderson, brasiliano del Monaco, sette partite con la Sele\u00e7ao a referto. Arriva da una stagione complessa sul piano fisico: per lui solo 23 presenze tra campionato e coppe. Il 28 gennaio ha giocato dal 1\u2019 contro la Juventus in Champions League, cos\u00ec come le due sfide ai playoff contro il Psg. Sa fare sia il terzino di una difesa a quattro sia l\u2019esterno a cinque. Rispetto a Dou\u00e9 \u00e8 molto pi\u00f9 offensivo e costa anche meno. \u00c8 nato a Rondonopolis, nello Stato del Mato Grosso. A 16 anni pens\u00f2 di mollare il calcio perch\u00e9 era rimasto senza squadra. \u201cPrima di firmare per il Gremio ho cambiato diverse squadre, da noi non ci sono molte possibilit\u00e0\u201d. Gioca a Montecarlo dal 2022. Philippe Clement, suo ex allenatore, ne parl\u00f2 cos\u00ec: \u201cNon appena gli dai un&#8217;istruzione, la mette in pratica e ne fa qualcosa di buono\u201d. Ha giocato insieme a Fabregas.<\/p>\n<p><a class=\"is-partner-link\" href=\"https:\/\/abbonamenti.gazzetta.it\/de-promo-mondiali\/?pwcmp=cta&amp;forceBrowser=true\" rel=\"nofollow noopener\" target=\"_blank\">Gazzetta Mondiale: ogni notte un\u2019edizione straordinaria esclusiva. Non perdertela, abbonati a 1\u20ac\/mese!<\/a><\/p>\n<p>        altri\u2014 \u00a0<\/p>\n<p class=\"paragraph\" spellcheck=\"true\">I piani alti seguono anche <a href=\"https:\/\/www.gazzetta.it\/Calcio\/Calciomercato\/Inter\/16-07-2026\/come-gioca-spence-cosi-ha-convinto-inter-tottenham.shtml?intcmp=hyperlink-articolo-gazit\" rel=\"nofollow noopener\" target=\"_blank\">Nahuel Molina<\/a> dell\u2019Atletico Madrid, 28 anni, titolare dell\u2019Argentina al Mondiale. Una sicurezza a cui servono poche presentazioni. Dal 2020 al 2022 ha giocato all\u2019Udinese \u2013 10 gol in 68 partite -, conosce la Serie A. Un altro su cui si sta ragionando, ma molto pi\u00f9 defilato rispetto agli altri, \u00e8 Givairo Read del Feyenoord, vent\u2019anni, il pi\u00f9 giovane di tutti. Futuribile, ma con poche garanzie dal punto di vista fisico: la stagione scorsa ha saltato 26 partite per un infortunio al bicipite femorale. I nerazzurri stanno cercando un giocatore pi\u00f9 pronto.\u00a0<\/p>\n<p class=\"is-copyright\">\u00a9 RIPRODUZIONE RISERVATA<\/p>\n","protected":false},"excerpt":{"rendered":"Sostituire l&#8217;esterno olandese resta uno dei nodi pi\u00f9 importanti per il futuro: l&#8217;inglese resta in pole, ma la&hellip;\n","protected":false},"author":3,"featured_media":591109,"comment_status":"","ping_status":"","sticky":false,"template":"","format":"standard","meta":{"footnotes":"","_share_on_mastodon":"0"},"categories":[1452],"tags":[1960,325825,2901,2478,3666,325824,721,6985,9605,31512,3073,5016,1740,2267,1976,1570,350,1537,90,89,113,1353,4283,14492,8483,33012,14393,1434,1270,1739,30161,321788,245,244,577,5293,192460],"class_list":["post-591108","post","type-post","status-publish","format-standard","has-post-thumbnail","category-calcio","tag-allenatore","tag-allenatore-parlo","tag-alternative","tag-arriva","tag-bel","tag-bel-mondiale","tag-calcio","tag-costa","tag-doue","tag-dumfries","tag-esterno","tag-fisico","tag-football","tag-giocato","tag-gol","tag-inglese","tag-inter","tag-it","tag-italia","tag-italy","tag-lista","tag-mondiale","tag-partite","tag-poche","tag-presenze","tag-profili","tag-psg","tag-resta","tag-rispetto","tag-soccer","tag-sostituire","tag-spence","tag-sport","tag-sports","tag-stagione","tag-terzino","tag-vanderson"],"share_on_mastodon":{"url":"https:\/\/pubeurope.com\/@it\/116941959201713248","error":""},"_links":{"self":[{"href":"https:\/\/www.europesays.com\/it\/wp-json\/wp\/v2\/posts\/591108","targetHints":{"allow":["GET"]}}],"collection":[{"href":"https:\/\/www.europesays.com\/it\/wp-json\/wp\/v2\/posts"}],"about":[{"href":"https:\/\/www.europesays.com\/it\/wp-json\/wp\/v2\/types\/post"}],"author":[{"embeddable":true,"href":"https:\/\/www.europesays.com\/it\/wp-json\/wp\/v2\/users\/3"}],"replies":[{"embeddable":true,"href":"https:\/\/www.europesays.com\/it\/wp-json\/wp\/v2\/comments?post=591108"}],"version-history":[{"count":0,"href":"https:\/\/www.europesays.com\/it\/wp-json\/wp\/v2\/posts\/591108\/revisions"}],"wp:featuredmedia":[{"embeddable":true,"href":"https:\/\/www.europesays.com\/it\/wp-json\/wp\/v2\/media\/591109"}],"wp:attachment":[{"href":"https:\/\/www.europesays.com\/it\/wp-json\/wp\/v2\/media?parent=591108"}],"wp:term":[{"taxonomy":"category","embeddable":true,"href":"https:\/\/www.europesays.com\/it\/wp-json\/wp\/v2\/categories?post=591108"},{"taxonomy":"post_tag","embeddable":true,"href":"https:\/\/www.europesays.com\/it\/wp-json\/wp\/v2\/tags?post=591108"}],"curies":[{"name":"wp","href":"https:\/\/api.w.org\/{rel}","templated":true}]}}