{"id":591205,"date":"2026-07-18T17:57:13","date_gmt":"2026-07-18T17:57:13","guid":{"rendered":"https:\/\/www.europesays.com\/it\/591205\/"},"modified":"2026-07-18T17:57:13","modified_gmt":"2026-07-18T17:57:13","slug":"massolin-il-gigante-francese-che-sogna-linter-il-ritiro-per-convincere-chivu","status":"publish","type":"post","link":"https:\/\/www.europesays.com\/it\/591205\/","title":{"rendered":"Massolin, il gigante francese che sogna l&#8217;Inter: il ritiro per convincere Chivu"},"content":{"rendered":"<p>                                Arrivato a gennaio dal Modena, il 23enne da 197 centimetri prova a conquistare il tecnico in ritiro. Poi sar\u00e0 deciso il suo futuro<\/p>\n<p class=\"paragraph\" spellcheck=\"true\">I tifosi stanno imparando a conoscerlo. La sua capigliatura voluminosa e tutta riccia aiuta a distinguerlo anche da lontano, quando \u00e8 quasi un puntino su una bici che va o torna dal campo d\u2019allenamento. Yanis Massolin \u00e8 un calciatore dell\u2019Inter da gennaio, quando il club l\u2019ha acquistato dal Modena. Poi l\u00ec \u00e8 rimasto fino alla fine della stagione e nerazzurro a tutti gli effetti lo \u00e8 diventato dal 13 luglio, il giorno del raduno ad Appiano Gentile. In ritiro si vede spesso insieme a Andy Diouf. Sar\u00e0 perch\u00e9 sono praticamente coetanei, hanno un anno di differenza, sar\u00e0 perch\u00e9 sono entrambi dei \u201cgalletti\u201d e quindi \u00e8 stato pi\u00f9 semplice creare questa connessione francese. Ma il ragazzone di Moulins si sta ambientando a 360 gradi nel mondo nerazzurro e far\u00e0 di tutto per provare a convincere Cristian Chivu. Anche se \u00e8 in un reparto, il centrocampo, gi\u00e0 bello affollato ed \u00e8 nel mirino di diverse squadre tra Serie A e B.\u00a0<\/p>\n<p>    futuro\u2014 \u00a0<\/p>\n<p class=\"paragraph is-inline\" spellcheck=\"true\">Massolin, come impongono le ambizioni di un 23enne, vuole far di tutto per restare all\u2019Inter. I dieci giorni a Donaueschingen sono l\u2019occasione perfetta per mettersi in mostra. A prescindere da dove giocher\u00e0 la prossima stagione. Nei piani della societ\u00e0 non c\u2019\u00e8 l\u2019intenzione di venderlo \u2013 come detto \u00e8 stato preso appena sette mesi fa \u2013 ma visto che al momento \u00e8 complicato trovargli una collocazione nell\u2019Inter della prossima stagione la soluzione migliore sar\u00e0 un prestito. La preferenza \u00e8 per una squadra di Serie A, pi\u00f9 competitiva, pi\u00f9 big da affrontare. Tutto per dargli la possibilit\u00e0 di accumulare minuti e diventare magari il prossimo Pio o il prossimo Stankovic. Un elemento che saluta ma che poi ritorna, con pi\u00f9 esperienza e soprattutto per restare. Per caratteristiche fisiche c\u2019\u00e8 chi l\u2019ha sempre paragonato ad Adrien Rabiot, mentre il suo ex presidente, Carlo Rivetti, l\u2019ha direttamente definito \u201cun marziano\u201d. Mezzala, trequartista, seconda punta. Chi l\u2019ha visto crescere in Francia, nemmeno diciottenne, non ha avuto paura di affermare che si tratta di un ragazzo \u201ctecnicamente spaventoso nonostante l\u2019altezza\u201d. Quanto? Centonovantasette centimetri. Il nostro paese ce l\u2019aveva nel destino: prima fu la Juve a essere a un passo da lui, nel 2023, ma poi per colpa di un infortunio salt\u00f2 tutto; poi fin\u00ec nel radar di Atalanta, per l\u2019Under23, e del Milan Futuro. Chi gli ha dato l\u2019Italia poi \u00e8 stato il Modena. Ora Massolin lavora soltanto per diventare un giocatore da Inter.<\/p>\n","protected":false},"excerpt":{"rendered":"Arrivato a gennaio dal Modena, il 23enne da 197 centimetri prova a conquistare il tecnico in ritiro. Poi&hellip;\n","protected":false},"author":3,"featured_media":591206,"comment_status":"","ping_status":"","sticky":false,"template":"","format":"standard","meta":{"footnotes":"","_share_on_mastodon":"0"},"categories":[1452],"tags":[78655,325859,325860,3470,325861,325862,28919,46330,325863,721,22997,2839,6611,1740,3368,2614,350,1537,90,89,191451,7742,8392,8159,35591,4262,14751,1738,1821,1739,245,244,577],"class_list":["post-591205","post","type-post","status-publish","format-standard","has-post-thumbnail","category-calcio","tag-accumulare","tag-accumulare-minuti","tag-accumulare-minuti-prossimo","tag-acquistato","tag-acquistato-modena","tag-acquistato-modena-li","tag-adrien","tag-adrien-rabiot","tag-adrien-rabiot-presidente","tag-calcio","tag-centimetri","tag-chivu","tag-convincere","tag-football","tag-francese","tag-gennaio","tag-inter","tag-it","tag-italia","tag-italy","tag-massolin","tag-modena","tag-nerazzurro","tag-prossima","tag-prossima-stagione","tag-prossimo","tag-restare","tag-ritiro","tag-serie","tag-soccer","tag-sport","tag-sports","tag-stagione"],"share_on_mastodon":{"url":"https:\/\/pubeurope.com\/@it\/116942277831580950","error":""},"_links":{"self":[{"href":"https:\/\/www.europesays.com\/it\/wp-json\/wp\/v2\/posts\/591205","targetHints":{"allow":["GET"]}}],"collection":[{"href":"https:\/\/www.europesays.com\/it\/wp-json\/wp\/v2\/posts"}],"about":[{"href":"https:\/\/www.europesays.com\/it\/wp-json\/wp\/v2\/types\/post"}],"author":[{"embeddable":true,"href":"https:\/\/www.europesays.com\/it\/wp-json\/wp\/v2\/users\/3"}],"replies":[{"embeddable":true,"href":"https:\/\/www.europesays.com\/it\/wp-json\/wp\/v2\/comments?post=591205"}],"version-history":[{"count":0,"href":"https:\/\/www.europesays.com\/it\/wp-json\/wp\/v2\/posts\/591205\/revisions"}],"wp:featuredmedia":[{"embeddable":true,"href":"https:\/\/www.europesays.com\/it\/wp-json\/wp\/v2\/media\/591206"}],"wp:attachment":[{"href":"https:\/\/www.europesays.com\/it\/wp-json\/wp\/v2\/media?parent=591205"}],"wp:term":[{"taxonomy":"category","embeddable":true,"href":"https:\/\/www.europesays.com\/it\/wp-json\/wp\/v2\/categories?post=591205"},{"taxonomy":"post_tag","embeddable":true,"href":"https:\/\/www.europesays.com\/it\/wp-json\/wp\/v2\/tags?post=591205"}],"curies":[{"name":"wp","href":"https:\/\/api.w.org\/{rel}","templated":true}]}}