{"id":591379,"date":"2026-07-18T20:40:10","date_gmt":"2026-07-18T20:40:10","guid":{"rendered":"https:\/\/www.europesays.com\/it\/591379\/"},"modified":"2026-07-18T20:40:10","modified_gmt":"2026-07-18T20:40:10","slug":"gino-cecchettin-e-il-film-su-sua-figlia-la-storia-di-giulia-puo-salvare-altre-vite-lamore-vero-e-liberta","status":"publish","type":"post","link":"https:\/\/www.europesays.com\/it\/591379\/","title":{"rendered":"Gino Cecchettin e il film su sua figlia: \u00abLa storia di Giulia pu\u00f2 salvare altre vite. L\u2019amore vero \u00e8 libert\u00e0\u00bb"},"content":{"rendered":"<p>    di<br \/>\n    Stefania Ulivi<\/p>\n<p class=\"summary-art is-line-h-12\">Presentate a Giffoni 56 le prime immagini di \u00abSe domani non torno\u00bb diretto da Paola Randi. Nel cast Filippo Timi, Tecla Bossi e Sabrina Martina<\/p>\n<p class=\"chapter-paragraph\">\u00abPer Giulia non fate un minuto di silenzio. Fate rumore\u00bb. L\u2019eco di quell\u2019esortazione, potentissima, che Elena Cecchettin lanci\u00f2 all\u2019indomani del femminicidio della sorella Giulia, l\u201911 novembre 2023, risuona con forza a Giffoni 56. \u00c8 il pubblico del festival a vedere <b>le prime immagini del film Se domani non torno<\/b>, che la regista Paola Randi ha tratto dal libro di Gino Cecchettin, di cui ha curato anche la sceneggiatura con Lisa Nur Sultan. Nel film, prodotto da Notorius, in uscita il 5 novembre, a prestargli il volto \u00e8 Filippo Timi. Giulia \u00e8 Sabrina Martina, Elena Tecla Bossi.<\/p>\n<p class=\"chapter-paragraph\">Non \u00e8 la prima volta che <b>Gino Cecchettin incontra i giurati di Giffoni<\/b>: parlare con i pi\u00f9 giovani \u00e8 uno dei compiti che si \u00e8 dato, con la Fondazione intitolata a sua figlia, sono loro gli interlocutori che sembrano stargli pi\u00f9 a cuore. Non nasconde l\u2019emozione. \u00abSe la storia di Giulia fosse rimasta dentro le mura della nostra famiglia, <b>sarebbe stato soltanto un dolore privato, come tanti<\/b>. Raccontata a voi, a tutti pu\u00f2 arrivare ad\u00a0 aiutare qualcuno o qualcuna a riconoscere quel segnale, dare il coraggio di fare una telefonata,  di chiedere aiuto e arrivare forse a salvare una vita\u00bb.\u00a0    &#13;<br \/>\n&#13;<br \/>\n&#13;<br \/>\n&#13;<br \/>\n&#13;<br \/>\n&#13;<br \/>\n&#13;<br \/>\n&#13;<br \/>\n&#13;<br \/>\n&#13;<br \/>\n&#13;<br \/>\n&#13;<br \/>\n&#13;<br \/>\n&#13;<br \/>\n&#13;<br \/>\n&#13;<br \/>\n&#13;<br \/>\n&#13;<br \/>\n&#13;<br \/>\n&#13;<br \/>\n&#13;<br \/>\n&#13;<br \/>\n&#13;<br \/>\n&#13;<br \/>\n&#13;<br \/>\n&#13;<br \/>\n&#13;<br \/>\n&#13;<br \/>\n&#13;<br \/>\n&#13;<br \/>\n&#13;<br \/>\n&#13;<br \/>\n&#13;<br \/>\n&#13;<br \/>\n&#13;<br \/>\n&#13;<br \/>\n&#13;<br \/>\n&#13;<br \/>\n&#13;<br \/>\n&#13;<br \/>\n&#13;<br \/>\n&#13;<br \/>\n&#13;<br \/>\n&#13;<br \/>\n&#13;<br \/>\n&#13;<br \/>\n&#13;<br \/>\n&#13;<br \/>\n&#13;<br \/>\n&#13;<br \/>\n&#13;<br \/>\n&#13;<br \/>\n&#13;\n<\/p>\n<p class=\"chapter-paragraph\">L\u2019obiettivo \u00e8 lo stesso del libro \u2014 dove non compare, come sullo schermo, Filippo Turetta \u2014: fare di tutto perch\u00e9 la storia di Giulia (\u00abUna donna che si \u00e8 autodeterminata, che ha fatto una scelta di libert\u00e0, che ha voluto scegliere\u00bb) <b>possa contribuire a proteggere altre vite<\/b>. \u00ab\u00c8 difficile raccontare in pubblico ci\u00f2 che dovrebbe rimanere qui dentro il nostro  cuore. Poi per\u00f2 succede qualcosa, incontri una ragazza che ti dice che grazie a quella storia la sua vita \u00e8 salva. \u00c8 allora che capisci che <b>raccontare pu\u00f2 davvero cambiare la vita<\/b>\u00bb. La violenza, ricorda, \u00abnon nasce all\u2019improvviso, nasce molto prima. Dalla gelosia scambiata per amore. Sono segnali  cos\u00ec piccoli  che spesso sembrano normali, ma \u00e8 proprio l\u00ec che invece la relazione prende una direzione sbagliatissima. \u00c8  l\u00ec che la  possiamo cambiare. Chiedere aiuto non \u00e8 una debolezza, anzi, \u00e8 uno dei gesti pi\u00f9 coraggiosi che possiate fare\u00bb.<\/p>\n<p class=\"chapter-paragraph\">Si rivolge ai ragazzi: \u00abVi hanno insegnato che essere uomini significa essere invincibili,  forti, non piangere mai. Non \u00e8 forza, \u00e8 una prigione.  <b>La vera forza \u00e8 avere il coraggio di rispettare un \u201cno\u201d<\/b>, amare senza possedere\u00bb. E  alle ragazze: \u00abNon rinunciate mai  a essere voi stesse per paura di perdere qualcuno.  <b>L\u2019amore vero non restringe la libert\u00e0, la fa crescere<\/b>\u00bb.<\/p>\n<p class=\"is-last-update\" datetime=\"2026-07-18T20:44:35+02:00\">18 luglio 2026 ( modifica il 18 luglio 2026 | 20:44)<\/p>\n<p class=\"is-copyright\">\n            \u00a9 RIPRODUZIONE RISERVATA\n        <\/p>\n","protected":false},"excerpt":{"rendered":"di Stefania Ulivi Presentate a Giffoni 56 le prime immagini di \u00abSe domani non torno\u00bb diretto da Paola&hellip;\n","protected":false},"author":3,"featured_media":591380,"comment_status":"","ping_status":"","sticky":false,"template":"","format":"standard","meta":{"footnotes":"","_share_on_mastodon":"0"},"categories":[1451],"tags":[24,1495,267285,87,325948,36,79201,2554,101621,1621,1620,6913,121630,15252,6036,1690,311406,12204,203,30422,3384,9435,229305,454,7608,16456,18096,2618,12272,204,1537,90,89,2451,1211,1567,325947],"class_list":["post-591379","post","type-post","status-publish","format-standard","has-post-thumbnail","category-celebrita","tag-aiuto","tag-altre","tag-altre-vite","tag-amore","tag-amore-vero","tag-arrivare","tag-bossi","tag-cambiare","tag-cecchettin","tag-celebrita","tag-celebrities","tag-chiedere","tag-chiedere-aiuto","tag-coraggio","tag-cuore","tag-domani","tag-domani-torno","tag-elena","tag-entertainment","tag-fate","tag-figlia","tag-filippo","tag-filippo-timi","tag-film","tag-giffoni","tag-gino","tag-gino-cecchettin","tag-giulia","tag-immagini","tag-intrattenimento","tag-it","tag-italia","tag-italy","tag-liberta","tag-libro","tag-storia","tag-storia-giulia"],"share_on_mastodon":{"url":"https:\/\/pubeurope.com\/@it\/116942918473967939","error":""},"_links":{"self":[{"href":"https:\/\/www.europesays.com\/it\/wp-json\/wp\/v2\/posts\/591379","targetHints":{"allow":["GET"]}}],"collection":[{"href":"https:\/\/www.europesays.com\/it\/wp-json\/wp\/v2\/posts"}],"about":[{"href":"https:\/\/www.europesays.com\/it\/wp-json\/wp\/v2\/types\/post"}],"author":[{"embeddable":true,"href":"https:\/\/www.europesays.com\/it\/wp-json\/wp\/v2\/users\/3"}],"replies":[{"embeddable":true,"href":"https:\/\/www.europesays.com\/it\/wp-json\/wp\/v2\/comments?post=591379"}],"version-history":[{"count":0,"href":"https:\/\/www.europesays.com\/it\/wp-json\/wp\/v2\/posts\/591379\/revisions"}],"wp:featuredmedia":[{"embeddable":true,"href":"https:\/\/www.europesays.com\/it\/wp-json\/wp\/v2\/media\/591380"}],"wp:attachment":[{"href":"https:\/\/www.europesays.com\/it\/wp-json\/wp\/v2\/media?parent=591379"}],"wp:term":[{"taxonomy":"category","embeddable":true,"href":"https:\/\/www.europesays.com\/it\/wp-json\/wp\/v2\/categories?post=591379"},{"taxonomy":"post_tag","embeddable":true,"href":"https:\/\/www.europesays.com\/it\/wp-json\/wp\/v2\/tags?post=591379"}],"curies":[{"name":"wp","href":"https:\/\/api.w.org\/{rel}","templated":true}]}}