{"id":591403,"date":"2026-07-18T21:06:17","date_gmt":"2026-07-18T21:06:17","guid":{"rendered":"https:\/\/www.europesays.com\/it\/591403\/"},"modified":"2026-07-18T21:06:17","modified_gmt":"2026-07-18T21:06:17","slug":"adani-e-il-tifo-per-largentina-che-divide-litalia","status":"publish","type":"post","link":"https:\/\/www.europesays.com\/it\/591403\/","title":{"rendered":"Adani e il tifo per l&#8217;Argentina che divide l&#8217;Italia"},"content":{"rendered":"<p>                                La seconda voce della televisione di Stato\u00a0cita Einstein e fa discutere perch\u00e9 tifa apertamente per Messi. Che cosa far\u00e0 se Leo vincer\u00e0 un&#8217;altra Coppa?<\/p>\n<p class=\"paragraph\" spellcheck=\"true\">E ora bisogna decidere per chi tifare. Per Messi o per Lamine. Per la Spagna o per l\u2019Argentina. Con Adani o contro Adani. La finale di domani sera sar\u00e0 trasmessa su Rai 1 e Dazn e la Rai schierer\u00e0 la coppia titolare: Alberto Rimedio e Lele Adani. Non proprio due gemelli. Rimedio \u00e8 un telecronista composto, Adani\u2026 \u00e8 Adani. Nelle ultime settimane l\u2019Italia si divide, perch\u00e9 Lele si moltiplica: \u00e8 ovunque, sui social argentini che lo amano per come esalta Messi e sui social italiani che lo amano o odiano ad account alterni. \u00c8 competente? Certo. \u00c8 fuori controllo quando segna l\u2019Argentina? Mass\u00ec, anche.<\/p>\n<p>        chi \u00e8 adani\u2014 \u00a0<\/p>\n<p class=\"paragraph\" spellcheck=\"true\">Daniele Adani detto Lele da Correggio, il paese di Ligabue, si \u00e8 innamorato del River Plate, dell\u2019Argentina e del Sudamerica seguendo Matias Almeyda e le sue passioni. Da calciatore, \u00e8 stato un difensore tra Serie A e B. Modena, Lazio, Brescia, Fiorentina, Inter, ancora Brescia, Ascoli, Empoli. Vinse poco ma arriv\u00f2 in Nazionale: 5 presenze, tutte in amichevole, una da titolare. Quando ha smesso, \u00e8 diventato commentatore per SportItalia &#8211; guarda un po\u2019, sul campionato argentino &#8211; e per parecchi anni per Sky. In mezzo, un\u2019esperienza da vice di Silvio Baldini al Vicenza e un gran rifiuto: disse no a Roberto Mancini, che lo voleva con lui come vice all\u2019Inter. Adani ascolt\u00f2 quello che sentiva dentro: meglio commentare le partite che influenzarle.<\/p>\n<p>        lele, allegri e la garra charrua\u2014 \u00a0<\/p>\n<p class=\"paragraph\" spellcheck=\"true\">Sono passati 12 anni e molto \u00e8 cambiato nella vita di Lele Adani. \u00c8 diventato un personaggio. Due grandi eventi cambiano il corso di questa storia. Settembre 2018, l\u2019Inter torna in Champions e alla prima partita del girone ribalta il Tottenham a San Siro con gol di Matias Vecino al 92\u2019. Adani invoca la garra charrua &#8211; diciamo la grinta degli uruguaiani &#8211; e svolta. Il video ha un successone e l\u2019espressione entra nel vocabolario di chi guarda calcio. Secondo episodio, aprile 2019: Lele litiga in diretta con Max Allegri, ai tempi allenatore (vincente) della Juventus, doppiando un incontro senza guantoni di un anno prima. Quel faccia a faccia con microfono cambier\u00e0 la vita di entrambi. Quella di Allegri, quasi sicuramente in peggio: Max si legher\u00e0 alle sue idee e diventer\u00e0 il simbolo del calcio all\u2019italiana, del corto muso, del primo non prenderle. Quella di Adani, probabilmente in meglio: da allora, \u00e8 quasi un ideologo del giochismo, del calcio offensivo, del giocare bene come strada per la vittoria.<\/p>\n<p>        le frasi di adani\u2014 \u00a0<\/p>\n<p class=\"paragraph\" spellcheck=\"true\">La Rai ha preso il pacchetto completo: competenza ed eccessi, barba curata e amore per il Loco Bielsa. Adani \u00e8 curiosamente molto pacato alla Domenica Sportiva e molto scomposto quando deve commentare un gol dell\u2019Argentina, al punto che pi\u00f9 di qualcuno ha commentato velenoso: da quando la Rai \u00e8 diventata una tv di Buenos Aires? Di sicuro, \u00e8 un mai visto prima: la tv di Stato, la rete ammiraglia, che si scompone per una nazionale straniera (domanda: e se Messi avesse incontrato l\u2019Italia nei quarti?). Ammiratori ed haters cos\u00ec raccolgono le frasi clou. \u201cEinstein diceva che le coincidenze sono il modo in cui Dio sceglie di rimanere anonimo\u201d (all\u20191-1 di Enzo Fernandez all\u2019Inghilterra). \u201cLa routine dello straordinario!\u201d (al 2-1 di Lautaro in semifinale, e questa \u00e8 bella). \u201cSi \u00e8 idratato il numero 10, ecco a cosa serviva il cooling break&#8221; (al gol di Messi contro Capo Verde). Nel 2022, durante l\u2019altro Mondiale, aveva fatto lo stesso, arrivando a parlare di acqua trasformata in vino per un gol di Messi all\u2019Australia. Su Change \u00e8 stata lanciata una petizione per chiedere alla Rai di mettere un altro, a commentare la finale. Ora \u00e8 introvabile ma qualche giorno fa era a 47mila fime.<\/p>\n<p><a class=\"is-partner-link\" href=\"https:\/\/abbonamenti.gazzetta.it\/de-promo-mondiali\/?pwcmp=cta&amp;forceBrowser=true\" rel=\"nofollow noopener\" target=\"_blank\">Gazzetta Mondiale: ogni notte un\u2019edizione straordinaria esclusiva. Non perdertela, abbonati a 1\u20ac\/mese!<\/a><\/p>\n<p>        <img decoding=\"async\" loading=\"lazy\" alt=\"Screenshot\" src=\"https:\/\/dimages2.gazzettaobjects.it\/files\/image_527_789_h\/files\/fp\/uploads\/2026\/07\/18\/6a5bcdce45d17.r_d.585-1297.jpeg\" data-full-src=\"https:\/\/www.europesays.com\/it\/wp-content\/uploads\/2026\/07\/6a5bcdce45d17.jpeg\"\/><\/p>\n<p>        adani e rimedio\u2014 \u00a0<\/p>\n<p class=\"paragraph\" spellcheck=\"true\">I social sono un capitolo a parte. Adani dopo la frase sull\u2019idratazione del 10 ha pubblicato un video in cui beveva e si rovesciava una bottiglia d\u2019acqua addosso. Diciamo che Nando Martellini e Bruno Pizzul non l\u2019avrebbero fatto. Altre volte rievoca le sue espressioni iconiche: \u201cpadre tempo\u201d, \u201cfacciamo calcio\u201d, \u201cviva el futbol\u201d. Funziona, come i 600mila follower su Instagram dimostrano. La gestione in telecronaca \u00e8 pi\u00f9 complessa perch\u00e9 Adani conosce storia e attualit\u00e0, tattica e umanit\u00e0, ma con i decibel spinge. Rimedio, dopo le sue tirate, \u00e8 intervenuto con secchiate di acqua ghiacciata: \u201cAllora, riordiniamo le idee\u201d, \u201cCi scusiamo con i vicini per averli svegliati\u201d e un eloquente \u201cVisto che ogni parola sarebbe superflua, ci godiamo in silenzio il replay\u201d. Come possa andare tra i due se l\u2019Argentina vincer\u00e0 il secondo Mondiale di fila, \u00e8 un mistero per noi, per Rimedio e anche per Lele. \u201cLe parole mi vengono da sole &#8211; ha spiegato una volta -. A volte non so nemmeno cosa dico\u201d.<\/p>\n<p class=\"is-copyright\">\u00a9 RIPRODUZIONE RISERVATA<\/p>\n","protected":false},"excerpt":{"rendered":"La seconda voce della televisione di Stato\u00a0cita Einstein e fa discutere perch\u00e9 tifa apertamente per Messi. Che cosa&hellip;\n","protected":false},"author":3,"featured_media":591404,"comment_status":"","ping_status":"","sticky":false,"template":"","format":"standard","meta":{"footnotes":"","_share_on_mastodon":"0"},"categories":[1452],"tags":[2719,325962,325963,412,325964,325965,154219,325966,325967,325968,53691,325958,325969,325970,325971,325972,325973,325974,325975,3076,50076,2648,6073,721,309043,5698,6925,111560,46113,1426,1740,398,325959,325960,1976,304045,5181,6108,350,1537,90,89,51451,85069,129605,3444,59,1353,2848,242342,325961,1739,1686,245,244,1567,26462,5583,253,17530,2392,96454],"class_list":["post-591403","post","type-post","status-publish","format-standard","has-post-thumbnail","category-calcio","tag-account","tag-account-alterni","tag-account-alterni-competente","tag-acqua","tag-acqua-addosso","tag-acqua-addosso-diciamo","tag-acqua-ghiacciata","tag-acqua-ghiacciata-riordiniamo","tag-acqua-trasformata","tag-acqua-trasformata-vino","tag-adani","tag-adani-adani","tag-adani-adani-finale","tag-adani-adani-ultime","tag-adani-ascolto","tag-adani-ascolto-sentiva","tag-adani-conosce","tag-adani-conosce-storia","tag-adani-curiosamente","tag-allegri","tag-amano","tag-argentina","tag-brescia","tag-calcio","tag-charrua","tag-commentare","tag-diciamo","tag-divide","tag-einstein","tag-finale","tag-football","tag-frasi","tag-garra","tag-garra-charrua","tag-gol","tag-gol-messi","tag-guarda","tag-idee","tag-inter","tag-it","tag-italia","tag-italy","tag-lele","tag-lele-adani","tag-matias","tag-max","tag-messi","tag-mondiale","tag-rai","tag-rimedio","tag-rimedio-lele","tag-soccer","tag-social","tag-sport","tag-sports","tag-storia","tag-titolare","tag-torna","tag-tv","tag-vice","tag-video","tag-vincera"],"share_on_mastodon":{"url":"","error":"Validation failed: Text character limit of 500 exceeded"},"_links":{"self":[{"href":"https:\/\/www.europesays.com\/it\/wp-json\/wp\/v2\/posts\/591403","targetHints":{"allow":["GET"]}}],"collection":[{"href":"https:\/\/www.europesays.com\/it\/wp-json\/wp\/v2\/posts"}],"about":[{"href":"https:\/\/www.europesays.com\/it\/wp-json\/wp\/v2\/types\/post"}],"author":[{"embeddable":true,"href":"https:\/\/www.europesays.com\/it\/wp-json\/wp\/v2\/users\/3"}],"replies":[{"embeddable":true,"href":"https:\/\/www.europesays.com\/it\/wp-json\/wp\/v2\/comments?post=591403"}],"version-history":[{"count":0,"href":"https:\/\/www.europesays.com\/it\/wp-json\/wp\/v2\/posts\/591403\/revisions"}],"wp:featuredmedia":[{"embeddable":true,"href":"https:\/\/www.europesays.com\/it\/wp-json\/wp\/v2\/media\/591404"}],"wp:attachment":[{"href":"https:\/\/www.europesays.com\/it\/wp-json\/wp\/v2\/media?parent=591403"}],"wp:term":[{"taxonomy":"category","embeddable":true,"href":"https:\/\/www.europesays.com\/it\/wp-json\/wp\/v2\/categories?post=591403"},{"taxonomy":"post_tag","embeddable":true,"href":"https:\/\/www.europesays.com\/it\/wp-json\/wp\/v2\/tags?post=591403"}],"curies":[{"name":"wp","href":"https:\/\/api.w.org\/{rel}","templated":true}]}}