{"id":591410,"date":"2026-07-18T21:13:13","date_gmt":"2026-07-18T21:13:13","guid":{"rendered":"https:\/\/www.europesays.com\/it\/591410\/"},"modified":"2026-07-18T21:13:13","modified_gmt":"2026-07-18T21:13:13","slug":"mondiali-francia-inghilterra-0-1-gran-gol-di-rice-dopo-3-minuti","status":"publish","type":"post","link":"https:\/\/www.europesays.com\/it\/591410\/","title":{"rendered":"Mondiali, Francia-Inghilterra: 0-1. Gran gol di Rice dopo 3 minuti"},"content":{"rendered":"<p>\t\t\tLe formazioni ufficiali: Mbapp\u00e9 titolare, Kane in panchina<\/p>\n<p>Ecco le formazioni ufficiali della partita. Deschamps conferma Mbapp\u00e9, panchina invece per Kane<\/p>\n<p>FRANCIA (4-2-3-1): Maignan; Gusto, Konat\u00e9, Lacroix, Theo Hern\u00e1ndez; Za\u00efre-Emery, Rabiot; Olise, Cherki, Dou\u00e9; Mbapp\u00e9. Ct Deschamps<br \/>\u200b<br \/>\u200bINGHILTERRA (4-2-3-1): Henderson; Quansah, Gu\u00e9hi, Konsa, Spence; Rice, Rogers; Saka, Eze, Rashford; Toney. Ct Tuchel<\/p>\n","protected":false},"excerpt":{"rendered":"Le formazioni ufficiali: Mbapp\u00e9 titolare, Kane in panchina Ecco le formazioni ufficiali della partita. Deschamps conferma Mbapp\u00e9, panchina&hellip;\n","protected":false},"author":3,"featured_media":591411,"comment_status":"","ping_status":"","sticky":false,"template":"","format":"standard","meta":{"footnotes":"","_share_on_mastodon":"0"},"categories":[176],"tags":[6211,2478,325979,325980,14963,921,483,934,325981,325982,5886,1277,195731,46664,92425,325983,1426,32384,13717,4300,145844,11510,1976,325984,1251,31261,2013,1537,90,89,79477,56030,1353,3484,1290,80388,220952,82418,245,244,2199],"class_list":["post-591410","post","type-post","status-publish","format-standard","has-post-thumbnail","category-sport","tag-allenamenti","tag-arriva","tag-arriva-rashord","tag-arriva-rashord-porta","tag-bleus","tag-campo","tag-cio","tag-continua","tag-continua-spingere","tag-continua-spingere-inghilterra","tag-ct","tag-dato","tag-deluse","tag-deschamps","tag-deviazione","tag-deviazione-gusto","tag-finale","tag-formazioni","tag-formazioni-ufficiali","tag-francia","tag-francia-inghilterra","tag-fuorigioco","tag-gol","tag-gol-rice","tag-grandi","tag-gusto","tag-inghilterra","tag-it","tag-italia","tag-italy","tag-kane","tag-mbappe","tag-mondiale","tag-panchina","tag-partita","tag-rashford","tag-rice","tag-saka","tag-sport","tag-sports","tag-ultima"],"share_on_mastodon":{"url":"","error":"Validation failed: Text character limit of 500 exceeded"},"_links":{"self":[{"href":"https:\/\/www.europesays.com\/it\/wp-json\/wp\/v2\/posts\/591410","targetHints":{"allow":["GET"]}}],"collection":[{"href":"https:\/\/www.europesays.com\/it\/wp-json\/wp\/v2\/posts"}],"about":[{"href":"https:\/\/www.europesays.com\/it\/wp-json\/wp\/v2\/types\/post"}],"author":[{"embeddable":true,"href":"https:\/\/www.europesays.com\/it\/wp-json\/wp\/v2\/users\/3"}],"replies":[{"embeddable":true,"href":"https:\/\/www.europesays.com\/it\/wp-json\/wp\/v2\/comments?post=591410"}],"version-history":[{"count":0,"href":"https:\/\/www.europesays.com\/it\/wp-json\/wp\/v2\/posts\/591410\/revisions"}],"wp:featuredmedia":[{"embeddable":true,"href":"https:\/\/www.europesays.com\/it\/wp-json\/wp\/v2\/media\/591411"}],"wp:attachment":[{"href":"https:\/\/www.europesays.com\/it\/wp-json\/wp\/v2\/media?parent=591410"}],"wp:term":[{"taxonomy":"category","embeddable":true,"href":"https:\/\/www.europesays.com\/it\/wp-json\/wp\/v2\/categories?post=591410"},{"taxonomy":"post_tag","embeddable":true,"href":"https:\/\/www.europesays.com\/it\/wp-json\/wp\/v2\/tags?post=591410"}],"curies":[{"name":"wp","href":"https:\/\/api.w.org\/{rel}","templated":true}]}}