{"id":591437,"date":"2026-07-18T21:42:15","date_gmt":"2026-07-18T21:42:15","guid":{"rendered":"https:\/\/www.europesays.com\/it\/591437\/"},"modified":"2026-07-18T21:42:15","modified_gmt":"2026-07-18T21:42:15","slug":"il-concerto-di-bad-bunny-interrotto-per-grandine-evacuato-lippodromo-con-78mila-spettatori-diversi-feriti-lievi","status":"publish","type":"post","link":"https:\/\/www.europesays.com\/it\/591437\/","title":{"rendered":"Il concerto di Bad Bunny interrotto per grandine: evacuato l&#8217;ippodromo con 78mila spettatori, diversi feriti lievi"},"content":{"rendered":"<p>    di<br \/>\n    Matteo Cruccu<\/p>\n<p class=\"summary-art is-line-h-12\">Dopo una prima interruzione per pioggia \u00e8 arrivata la grandine e l&#8217;area \u00e8 stata evacuata. Dall&#8217;artista anche un omaggio a Bella Ciao<\/p>\n<p class=\"chapter-paragraph\">Bisogner\u00e0 chiamarla la maledizione dei grandi concerti: dopo Rosalia a marzo per un&#8217;intossicazione alimentare, <b>\u00e8 saltata anche l&#8217;attesissima seconda data di Bad Bunny<\/b>, l&#8217;astro portoricano, per una tempesta violentissima che si \u00e8 abbattuta sull&#8217;Ippodrono di Milano.<\/p>\n<p class=\"chapter-paragraph\">Il concerto era iniziato da un&#8217;ora circa, la gente ballava senza sosta sul pratone antistante il mega palco, con un omaggio perfino a Bella Ciao, e Bud Bunny ringraziava il meteo fino a quel momento clemente:\u00a0\u00abFa molto pi\u00f9 fresco di ieri\u00bb. Peccato che subito dopo siano apparsi alcuni nuvoloni neri. Un primo lento scroscio di pioggia ha indotto gli organizzatori a <b>fermare il concerto per 10 minuti<\/b>. Poi per\u00f2 la pioggia si \u00e8 fatta grandine e il promoter \u00e8 stato <b>costretto a interrompere lo show,<\/b> mentre <b>l&#8217;area che ospitava le 78.500 persone \u00e8 stata evacuata<\/b> prontamente. Secondo quanto riferiscono i vigili del fuoco,<b> diversi spettatori sono rimasti feriti, colpiti alla testa dai chicchi di grandine<\/b> di grandi dimensioni, e soccorsi dal personale del 118.    &#13;<br \/>\n&#13;<br \/>\n&#13;<br \/>\n&#13;<br \/>\n&#13;<br \/>\n&#13;<br \/>\n&#13;<br \/>\n&#13;<br \/>\n&#13;<br \/>\n&#13;<br \/>\n&#13;<br \/>\n&#13;<br \/>\n&#13;<br \/>\n&#13;<br \/>\n&#13;<br \/>\n&#13;<br \/>\n&#13;<br \/>\n&#13;<br \/>\n&#13;<br \/>\n&#13;<br \/>\n&#13;<br \/>\n&#13;<br \/>\n&#13;<br \/>\n&#13;<br \/>\n&#13;<br \/>\n&#13;<br \/>\n&#13;<br \/>\n&#13;<br \/>\n&#13;<br \/>\n&#13;<br \/>\n&#13;<br \/>\n&#13;<br \/>\n&#13;<br \/>\n&#13;<br \/>\n&#13;<br \/>\n&#13;<br \/>\n&#13;<br \/>\n&#13;<br \/>\n&#13;<br \/>\n&#13;<br \/>\n&#13;<br \/>\n&#13;<br \/>\n&#13;<br \/>\n&#13;<br \/>\n&#13;<br \/>\n&#13;<br \/>\n&#13;<br \/>\n&#13;<br \/>\n&#13;<br \/>\n&#13;<br \/>\n&#13;<br \/>\n&#13;<br \/>\n&#13;\n<\/p>\n<p class=\"chapter-paragraph\">Posto che il concerto non verr\u00e0 sicuramente recuperato, ora si tratta di capire se lo show verr\u00e0 rimborsato come accadde con Rosalia.\u00a0<\/p>\n<p class=\"is-last-update\" datetime=\"2026-07-18T23:06:25+02:00\">18 luglio 2026 ( modifica il 18 luglio 2026 | 23:06)<\/p>\n<p class=\"is-copyright\">\n            \u00a9 RIPRODUZIONE RISERVATA\n        <\/p>\n","protected":false},"excerpt":{"rendered":"di Matteo Cruccu Dopo una prima interruzione per pioggia \u00e8 arrivata la grandine e l&#8217;area \u00e8 stata evacuata.&hellip;\n","protected":false},"author":3,"featured_media":591438,"comment_status":"","ping_status":"","sticky":false,"template":"","format":"standard","meta":{"footnotes":"","_share_on_mastodon":"0"},"categories":[174],"tags":[841,21758,143935,5471,73547,57290,1684,1569,2391,203,115191,826,6491,204,1537,90,89,634],"class_list":["post-591437","post","type-post","status-publish","format-standard","has-post-thumbnail","category-intrattenimento","tag-area","tag-bad","tag-bad-bunny","tag-bella","tag-bella-ciao","tag-bunny","tag-ciao","tag-concerto","tag-diversi","tag-entertainment","tag-evacuata","tag-feriti","tag-grandine","tag-intrattenimento","tag-it","tag-italia","tag-italy","tag-pioggia"],"share_on_mastodon":{"url":"https:\/\/pubeurope.com\/@it\/116943162544949897","error":""},"_links":{"self":[{"href":"https:\/\/www.europesays.com\/it\/wp-json\/wp\/v2\/posts\/591437","targetHints":{"allow":["GET"]}}],"collection":[{"href":"https:\/\/www.europesays.com\/it\/wp-json\/wp\/v2\/posts"}],"about":[{"href":"https:\/\/www.europesays.com\/it\/wp-json\/wp\/v2\/types\/post"}],"author":[{"embeddable":true,"href":"https:\/\/www.europesays.com\/it\/wp-json\/wp\/v2\/users\/3"}],"replies":[{"embeddable":true,"href":"https:\/\/www.europesays.com\/it\/wp-json\/wp\/v2\/comments?post=591437"}],"version-history":[{"count":0,"href":"https:\/\/www.europesays.com\/it\/wp-json\/wp\/v2\/posts\/591437\/revisions"}],"wp:featuredmedia":[{"embeddable":true,"href":"https:\/\/www.europesays.com\/it\/wp-json\/wp\/v2\/media\/591438"}],"wp:attachment":[{"href":"https:\/\/www.europesays.com\/it\/wp-json\/wp\/v2\/media?parent=591437"}],"wp:term":[{"taxonomy":"category","embeddable":true,"href":"https:\/\/www.europesays.com\/it\/wp-json\/wp\/v2\/categories?post=591437"},{"taxonomy":"post_tag","embeddable":true,"href":"https:\/\/www.europesays.com\/it\/wp-json\/wp\/v2\/tags?post=591437"}],"curies":[{"name":"wp","href":"https:\/\/api.w.org\/{rel}","templated":true}]}}