{"id":591453,"date":"2026-07-18T22:01:13","date_gmt":"2026-07-18T22:01:13","guid":{"rendered":"https:\/\/www.europesays.com\/it\/591453\/"},"modified":"2026-07-18T22:01:13","modified_gmt":"2026-07-18T22:01:13","slug":"kimi-antonelli-torta-in-faccia-a-papa-marco-per-i-suoi-62-anni","status":"publish","type":"post","link":"https:\/\/www.europesays.com\/it\/591453\/","title":{"rendered":"Kimi Antonelli, torta in faccia a pap\u00e0 Marco per i suoi 62 anni"},"content":{"rendered":"<p>                                &#8220;Un regalo che Marco non dimenticher\u00e0 tanto presto\u201d, hanno scritto sul profilo Instagram della Mercedes. Ma Antonelli senior \u00e8 solo l&#8217;ultimo di una lunga serie di persone festeggiate cos\u00ec dal leader della classifica piloti\u00a0<\/p>\n<p class=\"paragraph\" spellcheck=\"true\">Perch\u00e9 \u00e8 un bravo ragazzo. E un bravo pap\u00e0. Marco Antonelli festeggia i suoi 62 anni in Belgio, a Spa, ovviamente a fianco di suo figlio Kimi. E dove senn\u00f2? Torta alla panna in faccia per lui: \u201cUn regalo di compleanno che Marco non dimenticher\u00e0 tanto presto\u201d, hanno scritto sul profilo Instagram della Mercedes. Quattro foto: la consegna della torta (quella vera), le candeline spente, la montagna di panna sulla faccia e lui, Marco, che sembra poker face.\u00a0<\/p>\n<p>        serie\u2014 \u00a0<\/p>\n<p class=\"paragraph\" spellcheck=\"true\">Nel giorno della pole di Kimi in Belgio (la 6\u00aa stagionale), Marco e la sua famiglia si godono anche il piccolo party nel box tra sorrisi, regali e scherzi. Nato il 18 luglio del \u201962, Marco \u00e8 sempre al fianco di suo figlio Kimi. Superfluo dire che Antonelli senior \u00e8 una figura chiave nella crescita di Kimi. Marco, per\u00f2, \u00e8 pure l&#8217;uomo capace di ascoltare l\u2019altra parte di suo figlio, quella del pilota. Kimi non \u00e8 nuovo a questo tipo di scherzi. A maggio era stata la stessa Mercedes a mostrare il pilota italiano rinnovare la tradizione pannosa in occasione del compleanno di un membro del team. Ecco Kimi che piomba all&#8217;improvviso mascherato e gli spiaccica una torta in faccia. Bellissimo. Era il Gp del Canada. Ma l\u2019elenco delle sue vittime \u00e8 lungo: lo ha fatto al compleanno di Peter Bonnington, l&#8217;ingegnere di pista, lo ha fatto al compleanno del suo preparatore spagnolo Avila Sergi, e a quello del pilota finlandese Valtteri Bottas, un anno fa. Va beh, allora \u00e8 un vizio.<\/p>\n","protected":false},"excerpt":{"rendered":"&#8220;Un regalo che Marco non dimenticher\u00e0 tanto presto\u201d, hanno scritto sul profilo Instagram della Mercedes. Ma Antonelli senior&hellip;\n","protected":false},"author":3,"featured_media":591454,"comment_status":"","ping_status":"","sticky":false,"template":"","format":"standard","meta":{"footnotes":"","_share_on_mastodon":"0"},"categories":[1451],"tags":[3993,325989,291,1621,1620,5163,325990,325991,325992,203,25874,3964,325993,325994,2716,204,1537,90,89,3994,4047,1772,3333,55146,45780],"class_list":["post-591453","post","type-post","status-publish","format-standard","has-post-thumbnail","category-celebrita","tag-antonelli","tag-antonelli-senior","tag-belgio","tag-celebrita","tag-celebrities","tag-compleanno","tag-dimentichera","tag-dimentichera-presto","tag-dimentichera-presto-scritto","tag-entertainment","tag-festeggia","tag-fianco","tag-fianco-figlio","tag-fianco-figlio-kimi","tag-figlio","tag-intrattenimento","tag-it","tag-italia","tag-italy","tag-kimi","tag-marco","tag-mercedes","tag-pilota","tag-senior","tag-torta"],"share_on_mastodon":{"url":"https:\/\/pubeurope.com\/@it\/116943237081209596","error":""},"_links":{"self":[{"href":"https:\/\/www.europesays.com\/it\/wp-json\/wp\/v2\/posts\/591453","targetHints":{"allow":["GET"]}}],"collection":[{"href":"https:\/\/www.europesays.com\/it\/wp-json\/wp\/v2\/posts"}],"about":[{"href":"https:\/\/www.europesays.com\/it\/wp-json\/wp\/v2\/types\/post"}],"author":[{"embeddable":true,"href":"https:\/\/www.europesays.com\/it\/wp-json\/wp\/v2\/users\/3"}],"replies":[{"embeddable":true,"href":"https:\/\/www.europesays.com\/it\/wp-json\/wp\/v2\/comments?post=591453"}],"version-history":[{"count":0,"href":"https:\/\/www.europesays.com\/it\/wp-json\/wp\/v2\/posts\/591453\/revisions"}],"wp:featuredmedia":[{"embeddable":true,"href":"https:\/\/www.europesays.com\/it\/wp-json\/wp\/v2\/media\/591454"}],"wp:attachment":[{"href":"https:\/\/www.europesays.com\/it\/wp-json\/wp\/v2\/media?parent=591453"}],"wp:term":[{"taxonomy":"category","embeddable":true,"href":"https:\/\/www.europesays.com\/it\/wp-json\/wp\/v2\/categories?post=591453"},{"taxonomy":"post_tag","embeddable":true,"href":"https:\/\/www.europesays.com\/it\/wp-json\/wp\/v2\/tags?post=591453"}],"curies":[{"name":"wp","href":"https:\/\/api.w.org\/{rel}","templated":true}]}}