{"id":591739,"date":"2026-07-19T03:29:15","date_gmt":"2026-07-19T03:29:15","guid":{"rendered":"https:\/\/www.europesays.com\/it\/591739\/"},"modified":"2026-07-19T03:29:15","modified_gmt":"2026-07-19T03:29:15","slug":"santi-francesi-nel-nuovo-singolo-nebbia-cantiamo-la-fine-di-un-amore-nei-brani-ce-la-nostra-vita","status":"publish","type":"post","link":"https:\/\/www.europesays.com\/it\/591739\/","title":{"rendered":"Santi Francesi: \u00abNel nuovo singolo &#8220;Nebbia&#8221; cantiamo la fine di un amore. Nei brani c&#8217;\u00e8 la nostra vita\u00bb"},"content":{"rendered":"<p>    di<br \/>\n    Barbara Visentin<\/p>\n<p class=\"summary-art is-line-h-12\">Il duo, che ha vinto \u00abX Factor\u00bb nel 2022, ha pubblicato a sorpresa il brano sui social. Il riferimento \u00e8 alla rottura con l\u2019attrice Matilda De Angelis<\/p>\n<p class=\"chapter-paragraph\">Un nuovo brano uscito a sorpresa, solo sui social: \u00abAvevamo bisogno di farlo sentire alle persone che ci seguono\u00bb. I <b>Santi Francesi<\/b> raccontano l\u2019urgenza che sta dietro a <b>Nebbia<\/b>, nuova canzone diametralmente opposta al ritmo pi\u00f9 rock e indiavolato del precedente singolo Guerrilla, che si sposta invece su atmosfere malinconiche e cinematografiche, guidate dagli archi.<\/p>\n<p class=\"chapter-paragraph\">Il testo, fin dalle prime parole, lascia intravedere <b>la fine di un amore:<\/b> \u00abHo solo fatto una domanda, ti sei polverizzata\u00bb, esordisce Alessandro De Santis, met\u00e0 e voce del duo. Il riferimento, si intuisce, \u00e8 alla <a href=\"https:\/\/www.corriere.it\/spettacoli\/cinema-serie-tv\/26_maggio_14\/matilda-de-angelis-finita-la-storia-con-alessandro-de-santis-ora-l-attrice-frequenta-il-collega-enrico-borello-a84dddfe-c0d5-44f5-b5fa-a751fdfa6xlk.shtml\" rel=\"nofollow noopener\" target=\"_blank\">conclusione della storia<\/a> con l\u2019attrice <b>Matilda De Angelis<\/b>: \u00ab\u00c8 evidente che ci sia una rottura alla base. Io non ho mai niente da esibire e niente da nascondere, sia nel bello che nel brutto. Ma sia io che Mario (Francese, altra met\u00e0 del duo, ndr.) siamo molto riservati e quel che accade nelle nostre private rimane l\u00ec\u00bb.\u00a0    &#13;<br \/>\n&#13;<br \/>\n&#13;<br \/>\n&#13;<br \/>\n&#13;<br \/>\n&#13;<br \/>\n&#13;<br \/>\n&#13;<br \/>\n&#13;<br \/>\n&#13;<br \/>\n&#13;<br \/>\n&#13;<br \/>\n&#13;<br \/>\n&#13;<br \/>\n&#13;<br \/>\n&#13;<br \/>\n&#13;<br \/>\n&#13;<br \/>\n&#13;<br \/>\n&#13;<br \/>\n&#13;<br \/>\n&#13;<br \/>\n&#13;<br \/>\n&#13;<br \/>\n&#13;<br \/>\n&#13;<br \/>\n&#13;<br \/>\n&#13;<br \/>\n&#13;<br \/>\n&#13;<br \/>\n&#13;<br \/>\n&#13;<br \/>\n&#13;<br \/>\n&#13;<br \/>\n&#13;<br \/>\n&#13;<br \/>\n&#13;<br \/>\n&#13;<br \/>\n&#13;<br \/>\n&#13;<br \/>\n&#13;<br \/>\n&#13;<br \/>\n&#13;<br \/>\n&#13;<br \/>\n&#13;<br \/>\n&#13;<br \/>\n&#13;<br \/>\n&#13;<br \/>\n&#13;<br \/>\n&#13;<br \/>\n&#13;<br \/>\n&#13;<br \/>\n&#13;\n<\/p>\n<p class=\"chapter-paragraph\">Solo le canzoni hanno il compito di raccontare: \u00abTutti i brani sono frutto quasi di un mio limite, riesco a scrivere<b> solo se sto parlando di qualcosa che ho visto<\/b>, sentito o vissuto \u2014 spiega De Santis \u2014, non sono ancora capace, magari ci riuscir\u00f2 in futuro, di immedesimarmi in altro o inventare una storia. Quindi la musica \u00e8 il nostro modo per spiegare quel che ci succede\u00bb.<\/p>\n<p class=\"chapter-paragraph\">Bench\u00e9 si capisca che la rottura sia stata repentina e inattesa, Nebbia\u00a0<b>non \u00e8 una <a href=\"\">\u00abrevenge song\u00bb<\/a><\/b><a href=\"https:\/\/www.corriere.it\/spettacoli\/23_gennaio_12\/shakira-canta-tradimento-pique-rabbia-delusione-sua-nuova-canzone-858dd5d4-9261-11ed-bbc2-1889ec142abd.shtml\" target=\"_blank\" rel=\"nofollow noopener\"> in stile Shakira<\/a> \u00abe neanche in stile Lily Allen\u00bb, ride De Santis: \u00abTrovarmi in studio e scrivere un pezzo per me \u00e8 sempre un modo per elaborare le cose. Molto spesso dopo averlo scritto dico a Mario \u201cok, adesso sono a posto, sono contento\u201d\u00bb.<\/p>\n<p class=\"chapter-paragraph\">Sia Nebbia\u00a0sia Guerrilla\u00a0preludono a un <b>nuovo album dei Santi Francesi,<\/b> attualmente in lavorazione: \u00abStiamo capendo i nostri confini mentali, seguendo l\u2019istinto e il flusso di coscienza \u2014 dice Francese \u2014. Credo che anche nel disco non ci porremo limiti, ci saranno tante cose diverse\u00bb.<\/p>\n<p class=\"chapter-paragraph\">Nel frattempo, <b>il duo \u00e8 in tour<\/b>  (prossime date il 19 luglio allo Iapri Fest di Naso, Messina, e il 23 alla Festa della Musica di Chianciano, Siena): \u00ab\u00c8 bello vedere le persone sempre estremamente attente quando facciamo sentire dei brani nuovi \u2014 commentano \u2014. Non vediamo nemmeno una grande invasione di telefonini ai nostri live, e fa piacere perch\u00e9 il pubblico \u00e8 parte dello spettacolo quasi quanto chi sta sul palco\u00bb.\u00a0<\/p>\n<p class=\"chapter-paragraph\">Dopo la partecipazione nel 2024,<b> tornerebbero a Sanremo<\/b>? \u00abNon \u00e8 escluso niente, la risposta \u00e8 sempre s\u00ec. Ma bisogna avere una canzone che piaccia ad alcune persone precise. Ed \u00e8 fuori dai nostri pensieri in questo momento, siamo concentrati sul disco\u00bb.<\/p>\n<p class=\"is-last-update\" datetime=\"2026-07-18T21:04:42+02:00\">18 luglio 2026<\/p>\n<p class=\"is-copyright\">\n            \u00a9 RIPRODUZIONE RISERVATA\n        <\/p>\n","protected":false},"excerpt":{"rendered":"di Barbara Visentin Il duo, che ha vinto \u00abX Factor\u00bb nel 2022, ha pubblicato a sorpresa il brano&hellip;\n","protected":false},"author":3,"featured_media":591740,"comment_status":"","ping_status":"","sticky":false,"template":"","format":"standard","meta":{"footnotes":"","_share_on_mastodon":"0"},"categories":[1443],"tags":[87,12378,7738,326126,326127,2873,17174,14096,8115,122,277,12419,71752,9798,30514,203,3368,15413,326128,204,1537,90,89,4902,12496,12497,12498,3334,1538,1539,21871,10226,25072,2327,271575,176147,26355],"class_list":["post-591739","post","type-post","status-publish","format-standard","has-post-thumbnail","category-musica","tag-amore","tag-angelis","tag-attrice","tag-attrice-matilda","tag-attrice-matilda-de","tag-bello","tag-brani","tag-brano","tag-canzone","tag-cose","tag-de","tag-de-angelis","tag-de-santis","tag-disco","tag-duo","tag-entertainment","tag-francese","tag-francesi","tag-guerrilla","tag-intrattenimento","tag-it","tag-italia","tag-italy","tag-mario","tag-matilda","tag-matilda-de","tag-matilda-de-angelis","tag-meta","tag-music","tag-musica","tag-nebbia","tag-riferimento","tag-rottura","tag-santi","tag-santi-francesi","tag-santis","tag-scrivere"],"share_on_mastodon":{"url":"https:\/\/pubeurope.com\/@it\/116944526689800469","error":""},"_links":{"self":[{"href":"https:\/\/www.europesays.com\/it\/wp-json\/wp\/v2\/posts\/591739","targetHints":{"allow":["GET"]}}],"collection":[{"href":"https:\/\/www.europesays.com\/it\/wp-json\/wp\/v2\/posts"}],"about":[{"href":"https:\/\/www.europesays.com\/it\/wp-json\/wp\/v2\/types\/post"}],"author":[{"embeddable":true,"href":"https:\/\/www.europesays.com\/it\/wp-json\/wp\/v2\/users\/3"}],"replies":[{"embeddable":true,"href":"https:\/\/www.europesays.com\/it\/wp-json\/wp\/v2\/comments?post=591739"}],"version-history":[{"count":0,"href":"https:\/\/www.europesays.com\/it\/wp-json\/wp\/v2\/posts\/591739\/revisions"}],"wp:featuredmedia":[{"embeddable":true,"href":"https:\/\/www.europesays.com\/it\/wp-json\/wp\/v2\/media\/591740"}],"wp:attachment":[{"href":"https:\/\/www.europesays.com\/it\/wp-json\/wp\/v2\/media?parent=591739"}],"wp:term":[{"taxonomy":"category","embeddable":true,"href":"https:\/\/www.europesays.com\/it\/wp-json\/wp\/v2\/categories?post=591739"},{"taxonomy":"post_tag","embeddable":true,"href":"https:\/\/www.europesays.com\/it\/wp-json\/wp\/v2\/tags?post=591739"}],"curies":[{"name":"wp","href":"https:\/\/api.w.org\/{rel}","templated":true}]}}