{"id":591870,"date":"2026-07-19T06:13:19","date_gmt":"2026-07-19T06:13:19","guid":{"rendered":"https:\/\/www.europesays.com\/it\/591870\/"},"modified":"2026-07-19T06:13:19","modified_gmt":"2026-07-19T06:13:19","slug":"osvaldo-bagnoli-il-socialista-e-operaio-che-vinse-lo-scudetto-la-sveglia-di-garlando","status":"publish","type":"post","link":"https:\/\/www.europesays.com\/it\/591870\/","title":{"rendered":"Osvaldo Bagnoli: il socialista e operaio che vinse lo scudetto. La sveglia di Garlando"},"content":{"rendered":"<p>                                Gianni Brera lo chiamava Schopenhauer per quel suo pessimismo ironico. E per la sua fede politica Berlusconi non lo chiam\u00f2 al Milan. Fece grande il Verona e con il Genoa vinse ad Anfield. Non riusc\u00ec a decifrare Bergkamp. E a 58 anni si fece da parte<\/p>\n<p class=\"paragraph\" spellcheck=\"true\">Gianni Brera lo chiamava Schopenhauer per quel suo pessimismo ironico. Cosa diceva il vero Schopenhauer? &#8220;Il grande dolore per la morte di un amico deriva dalla consapevolezza che in ogni individuo v\u2019\u00e8 qualcosa che \u00e8 solo suo, e che va perduto per sempre&#8221;. Mai pi\u00f9 un Osvaldo Bagnoli. L\u2019Osvaldo della Bovisa, quartiere operaio, mica il design e le fighetterie di oggi. Nell\u201987 Berlusconi pens\u00f2 di affidargli il Milan, ma evit\u00f2: &#8220;Comunista&#8221;. L\u2019Osvaldo precis\u00f2: &#8220;Socialista come mio padre, perch\u00e9 di lui mi fido&#8221;. Da ragazzo costru\u00ec cinture, sanitari e lavor\u00f2 al tornio.\u00a0<\/p>\n<p>        il calcio\u2014 \u00a0<\/p>\n<p class=\"paragraph\" spellcheck=\"true\">Poi il calcio, a partire dal Milan, e la panchina, a partire dal Verbania. Nell\u201985 vince lo scudetto pi\u00f9 assurdo della storia: il suo Verona \u00e8 una favola, infatti Elkjaer segna senza una scarpa, come Cenerentola. Com\u2019\u00e8 il suo calcio? Bello, leonardesco: &#8220;La semplicit\u00e0 \u00e8 la massima sofisticazione&#8221;. Spiega: &#8220;El terzin fa el terzin\u2026 Non mi fisso sullo schema. Al giocatore chiedo: &#8216;Dove vuoi giocare?&#8217; E cerco di metterlo al posto giusto&#8221;. Passa al Genoa. Ogni sera ad Arenzano guarda partire le barche. Amico dei pescatori. Espugna Liverpool, incide una leggenda in casa dei Beatles. Ha sempre in testa un berretto operaio: &#8220;Come John Lennon? Macch\u00e8, \u00e8 la sinusite&#8221;. Lo chiama l\u2019Inter. La signora Pellegrini gli fa l\u2019esame calligrafico: &#8220;Non sa comandare&#8221;. L\u2019Osvaldo prova a decifrare Bergkamp, ma \u00e8 come scrutare la nebbia. Finisce male. Il signor Pellegrini tuona: &#8220;Lei dovrebbe dimettersi!&#8221;. L\u2019Osvaldo risponde: &#8220;Lei dovrebbe vergognarsi&#8221;. A 58 anni lascia il calcio per una vita riservata, semplice e onesta che lo rispecchia. Uno come Schopenhauer, mai pi\u00f9.<\/p>\n","protected":false},"excerpt":{"rendered":"Gianni Brera lo chiamava Schopenhauer per quel suo pessimismo ironico. E per la sua fede politica Berlusconi non&hellip;\n","protected":false},"author":3,"featured_media":591871,"comment_status":"","ping_status":"","sticky":false,"template":"","format":"standard","meta":{"footnotes":"","_share_on_mastodon":"0"},"categories":[176],"tags":[4008,326196,2436,84353,326197,326198,721,13034,326199,326200,197862,326201,6018,2730,326202,6298,11405,81223,326203,1537,90,89,553,2950,137003,3530,245886,245,244],"class_list":["post-591870","post","type-post","status-publish","format-standard","has-post-thumbnail","category-sport","tag-amico","tag-bergkamp","tag-berlusconi","tag-brera","tag-brera-chiamava","tag-brera-chiamava-schopenhauer","tag-calcio","tag-chiamava","tag-chiamava-schopenhauer","tag-chiamava-schopenhauer-pessimismo","tag-decifrare","tag-decifrare-bergkamp","tag-dovrebbe","tag-el","tag-el-terzin","tag-genoa","tag-gianni","tag-gianni-brera","tag-gianni-brera-chiamava","tag-it","tag-italia","tag-italy","tag-milan","tag-operaio","tag-osvaldo","tag-partire","tag-schopenhauer","tag-sport","tag-sports"],"share_on_mastodon":{"url":"https:\/\/pubeurope.com\/@it\/116945171656952383","error":""},"_links":{"self":[{"href":"https:\/\/www.europesays.com\/it\/wp-json\/wp\/v2\/posts\/591870","targetHints":{"allow":["GET"]}}],"collection":[{"href":"https:\/\/www.europesays.com\/it\/wp-json\/wp\/v2\/posts"}],"about":[{"href":"https:\/\/www.europesays.com\/it\/wp-json\/wp\/v2\/types\/post"}],"author":[{"embeddable":true,"href":"https:\/\/www.europesays.com\/it\/wp-json\/wp\/v2\/users\/3"}],"replies":[{"embeddable":true,"href":"https:\/\/www.europesays.com\/it\/wp-json\/wp\/v2\/comments?post=591870"}],"version-history":[{"count":0,"href":"https:\/\/www.europesays.com\/it\/wp-json\/wp\/v2\/posts\/591870\/revisions"}],"wp:featuredmedia":[{"embeddable":true,"href":"https:\/\/www.europesays.com\/it\/wp-json\/wp\/v2\/media\/591871"}],"wp:attachment":[{"href":"https:\/\/www.europesays.com\/it\/wp-json\/wp\/v2\/media?parent=591870"}],"wp:term":[{"taxonomy":"category","embeddable":true,"href":"https:\/\/www.europesays.com\/it\/wp-json\/wp\/v2\/categories?post=591870"},{"taxonomy":"post_tag","embeddable":true,"href":"https:\/\/www.europesays.com\/it\/wp-json\/wp\/v2\/tags?post=591870"}],"curies":[{"name":"wp","href":"https:\/\/api.w.org\/{rel}","templated":true}]}}