{"id":591879,"date":"2026-07-19T06:19:16","date_gmt":"2026-07-19T06:19:16","guid":{"rendered":"https:\/\/www.europesays.com\/it\/591879\/"},"modified":"2026-07-19T06:19:16","modified_gmt":"2026-07-19T06:19:16","slug":"esiste-la-legittima-difesa-non-la-pena-di-morte-lo-dico-al-corriere","status":"publish","type":"post","link":"https:\/\/www.europesays.com\/it\/591879\/","title":{"rendered":"Esiste la legittima difesa, non la pena di morte | Lo dico al Corriere"},"content":{"rendered":"<p class=\"is-fs-18 is-mr-t-25 chapter-letter\">\n<p>    <b>Caro Aldo,<br \/>non pensa che questa barricata a favore del gioielliere  Roggero da parte di membri del governo sia la classica zappa sui piedi degli stessi che dovrebbero tutelare i cittadini da malintenzionati?<br \/>Daniele Mosconi, Fondi<\/b><\/p>\n<p>La vera condanna che andrebbe graziata al gioielliere non dovrebbe essere quella penitenziaria ma quella economica.<br \/>Mario Taliani, Noceto<\/p>\n<p>Penso si debba senza alcun dubbio cambiare denominazione a quanto asserito da Salvini e soci. Si tratta di una illegittima offesa e non di una legittima difesa.<br \/>Oreste Zambelli<\/p>\n<p class=\"has-text-cornflower-blue is-fs-18 chapter-letter\">\n<p>    Cari lettori,<br \/>vi confesso che trovo un po\u2019 penosa questa ansia della maggioranza governativa di inseguire Vannacci sul suo terreno. Si arriva al punto di chiedere la grazia per un condannato al suo primo giorno di carcere; come se la grazia fosse un quarto grado di giudizio, o la correzione di un presunto errore giudiziario. Chi uccide un ladro in fuga commette un omicidio volontario; non \u00e8 un\u2019opinione, \u00e8 un fatto. Certo, tre milioni di euro di risarcimento, probabilmente pi\u00f9 del bottino di qualsiasi rapina, sono un\u2019esagerazione: in certi ambienti la vita umana non vale nulla, pare quasi un incentivo per i capi a mandare avanti manovalanza criminale. Ma, parliamoci chiaro, in Italia non esiste la pena di morte. Un conto \u00e8 la legittima difesa; un altro farsi giustizia da s\u00e9. Una destra seria protegge e rafforza poliziotti e carabinieri e garantisce la certezza della pena, ad esempio cambiando le leggi in modo che a un condannato sia impedito di sfregiare nello stesso giorno una ragazza a Milano; non invita i cittadini a sparare. Certo, siamo di fronte a una tragedia. Per le vittime come per l\u2019assassino. Ma strumentalizzare un fatto di cronaca per trarne vantaggi politici, o impedire che ne tragga il nuovo concorrente a destra, \u00e8 poco lungimirante. Inseguire Vannacci su questo terreno non porter\u00e0 lontano. Certo, i social sono tutti per il giustiziere. Gi\u00e0 negli Anni Cinquanta, scrive Giorgio Bocca nel Provinciale, se i giornali torinesi davano notizia dell\u2019assassinio di un ladro d\u2019auto, ricevevano solo \u00abferoci lettere di giubilo, dovevamo inventarne una\u00bb che esprimesse commozione o anche solo piet\u00e0.<br \/>Quanto alla sinistra, temo non abbia chiaro che le preoccupazioni per la sicurezza riguardano in primo luogo l\u2019elettorato popolare che vorrebbe recuperare.\u200b    &#13;<br \/>\n&#13;<br \/>\n&#13;<br \/>\n&#13;<br \/>\n&#13;<br \/>\n&#13;<br \/>\n&#13;<br \/>\n&#13;<br \/>\n&#13;<br \/>\n&#13;<br \/>\n&#13;<br \/>\n&#13;<br \/>\n&#13;<br \/>\n&#13;<br \/>\n&#13;<br \/>\n&#13;<br \/>\n&#13;<br \/>\n&#13;<br \/>\n&#13;<br \/>\n&#13;<br \/>\n&#13;<br \/>\n&#13;<br \/>\n&#13;<br \/>\n&#13;<br \/>\n&#13;<br \/>\n&#13;<br \/>\n&#13;<br \/>\n&#13;<br \/>\n&#13;<br \/>\n&#13;<br \/>\n&#13;<br \/>\n&#13;<br \/>\n&#13;<br \/>\n&#13;<br \/>\n&#13;<br \/>\n&#13;<br \/>\n&#13;<br \/>\n&#13;<br \/>\n&#13;<br \/>\n&#13;<br \/>\n&#13;<br \/>\n&#13;<br \/>\n&#13;<br \/>\n&#13;<br \/>\n&#13;<br \/>\n&#13;<br \/>\n&#13;<br \/>\n&#13;<br \/>\n&#13;<br \/>\n&#13;<br \/>\n&#13;<br \/>\n&#13;<br \/>\n&#13;\n<\/p>\n<p class=\"is-last-update\" datetime=\"2026-07-18T17:51:05+02:00\">18 luglio 2026 ( modifica il 18 luglio 2026 | 17:51)<\/p>\n<p class=\"is-copyright\">\n            \u00a9 RIPRODUZIONE RISERVATA\n        <\/p>\n","protected":false},"excerpt":{"rendered":"Caro Aldo,non pensa che questa barricata a favore del gioielliere Roggero da parte di membri del governo sia&hellip;\n","protected":false},"author":3,"featured_media":396003,"comment_status":"","ping_status":"","sticky":false,"template":"","format":"standard","meta":{"footnotes":"","_share_on_mastodon":"0"},"categories":[79],"tags":[10302,76039,326208,928,1064,4538,14,93,94,3177,767,13093,13081,14601,51247,326205,326206,1537,90,89,8426,71711,114658,964,7,15,7041,7042,23201,11,84,91,12,85,92,18099,326207],"class_list":["post-591879","post","type-post","status-publish","format-standard","has-post-thumbnail","category-italia","tag-alcun","tag-alcun-dubbio","tag-alcun-dubbio-cambiare","tag-chiaro","tag-cittadini","tag-condannato","tag-cronaca","tag-cronaca-italiana","tag-cronacaitaliana","tag-destra","tag-difesa","tag-esiste","tag-gioielliere","tag-grazia","tag-inseguire","tag-inseguire-vannacci","tag-inseguire-vannacci-terreno","tag-it","tag-italia","tag-italy","tag-ladro","tag-legittima","tag-legittima-difesa","tag-morte","tag-news","tag-notizie","tag-pena","tag-pena-morte","tag-terreno","tag-ultime-notizie","tag-ultime-notizie-e-news-di-oggi","tag-ultime-notizie-italia","tag-ultimenotizie","tag-ultimenotizieenewsdioggi","tag-ultimenotizieitalia","tag-vannacci","tag-vannacci-terreno"],"share_on_mastodon":{"url":"","error":"Validation failed: Text character limit of 500 exceeded"},"_links":{"self":[{"href":"https:\/\/www.europesays.com\/it\/wp-json\/wp\/v2\/posts\/591879","targetHints":{"allow":["GET"]}}],"collection":[{"href":"https:\/\/www.europesays.com\/it\/wp-json\/wp\/v2\/posts"}],"about":[{"href":"https:\/\/www.europesays.com\/it\/wp-json\/wp\/v2\/types\/post"}],"author":[{"embeddable":true,"href":"https:\/\/www.europesays.com\/it\/wp-json\/wp\/v2\/users\/3"}],"replies":[{"embeddable":true,"href":"https:\/\/www.europesays.com\/it\/wp-json\/wp\/v2\/comments?post=591879"}],"version-history":[{"count":0,"href":"https:\/\/www.europesays.com\/it\/wp-json\/wp\/v2\/posts\/591879\/revisions"}],"wp:featuredmedia":[{"embeddable":true,"href":"https:\/\/www.europesays.com\/it\/wp-json\/wp\/v2\/media\/396003"}],"wp:attachment":[{"href":"https:\/\/www.europesays.com\/it\/wp-json\/wp\/v2\/media?parent=591879"}],"wp:term":[{"taxonomy":"category","embeddable":true,"href":"https:\/\/www.europesays.com\/it\/wp-json\/wp\/v2\/categories?post=591879"},{"taxonomy":"post_tag","embeddable":true,"href":"https:\/\/www.europesays.com\/it\/wp-json\/wp\/v2\/tags?post=591879"}],"curies":[{"name":"wp","href":"https:\/\/api.w.org\/{rel}","templated":true}]}}