{"id":591924,"date":"2026-07-19T07:07:18","date_gmt":"2026-07-19T07:07:18","guid":{"rendered":"https:\/\/www.europesays.com\/it\/591924\/"},"modified":"2026-07-19T07:07:18","modified_gmt":"2026-07-19T07:07:18","slug":"gt-world-weerts-van-der-linde-trionfano-in-gara-1-a-misano-rossi-penalizzato","status":"publish","type":"post","link":"https:\/\/www.europesays.com\/it\/591924\/","title":{"rendered":"GT World | Weerts\/Van Der Linde trionfano in Gara 1 a Misano, Rossi penalizzato"},"content":{"rendered":"<p>Il Team WRT festeggia l&#8217;ennesima vittoria a Misano, ma non con la tanto attesa BMW #46, bens\u00ec con la M4 #32 di Charles Weerts e Kelvin Van Der Linde, che ha approfittato del caos al via di questo primo round del GT World Challenge Europe andato in scena nella serata romagnola.<\/p>\n<p>Gara 1 \u00e8 scattata con Valentino Rossi poleman che nello schieramento di lancio \u00e8 rimasto troppo largo sulla destra e quindi fuori dalla linea consentita dal regolamento, prendendosi poi 10&#8243; di penalit\u00e0 al pit-stop.<\/p>\n<p>Questo per\u00f2 ha aperto il varco che ha innescato una carambola perch\u00e9 Ricardo Feller alle sue spalle \u00e8 scattato meglio e ha provato ad infilarsi fra la BMW del &#8216;Dottore&#8217; e l&#8217;Audi-Tresor Attempto di Andrea Frassineti che era in prima fila.<\/p>\n<p>La 911 si \u00e8 trovata stretta a sandwich e ci\u00f2 ha scomposto Frassineti, la cui R8 #66 impazzita prima ha colpito con l&#8217;anteriore sinistra la BMW di Rossi (a sua volta toccato sul posteriore da Feller) e poi si \u00e8 girata in mezzo al gruppo, venendo centrata dall&#8217;incolpevole Daniel Juncadella che sopraggiungeva con la Mercedes-Team Verstappen #3.<\/p>\n<p>Fortunatamente nessuno si \u00e8 fatto male, ma la Safety Car \u00e8 entrata in pista per tre giri per ripulire tutto dai rottami e relitti, con Juncadella e Frassineti ritirati, mentre Weerts ha preso il comando seguito dalle Mercedes di Marvin Dienst e Fabian Schiller, e Rossi sceso quarto.<\/p>\n<p>   <img decoding=\"async\" draggable=\"false\" src=\"https:\/\/www.europesays.com\/it\/wp-content\/uploads\/2026\/07\/la-partenza-di-gara-1.jpg\" alt=\"La partenza di Gara 1\" loading=\"lazy\" width=\"1200\" height=\"800\"\/> <\/p>\n<p class=\"title\">La partenza di Gara 1<\/p>\n<p class=\"photographer\">Foto di: Davide Cavazza<\/p>\n<p>La ripartenza \u00e8 avvenuta con il belga di WRT a scappare via prima di cedere il volante a Van Der Linde, che uscito ancora al comando e ha avuto via libera per tagliare il traguardo da vincitore indisturbato, lasciando la lotta per il podio alla Porsche-Lionspeed GP #80 che Feller ha ceduto a Bastian Buus e alla Mercedes-Winward Racing #48 di Lucas Auer\/Maro Engel.<\/p>\n<p>Valentino \u00e8 rientrato per il pit-stop al giro 15 assieme a Weerts, ma con la sanzione da scontare il suo collega Max Hesse si \u00e8 ritrovato 9\u00b0, riuscendo a scavalcare in sequenza prima Simon Reicher (Audi-Eastalent) e poi le Ferrari di Arthur Leclerc e Matias Zagazeta, risalendo sesto in un paio di tornate.<\/p>\n<p>Ad un paio di minuti dal termine, Full Course Yellow per l&#8217;uscita alla curva 13 di Romain Andriolo (McLaren-CSA Racing #555), toccatosi con la Aston Martin-Comtoyou Racing di Marcelo Tomasoni.<\/p>\n<p>   <img decoding=\"async\" draggable=\"false\" src=\"https:\/\/www.europesays.com\/it\/wp-content\/uploads\/2026\/07\/1784444838_319_la-partenza-di-gara-1.jpg\" alt=\"La partenza di Gara 1\" loading=\"lazy\" width=\"1200\" height=\"800\"\/> <\/p>\n<p class=\"title\">La partenza di Gara 1<\/p>\n<p class=\"photographer\">Foto di: Davide Cavazza<\/p>\n<p>Questo ha di fatto congelato le posizioni consegnando il comodo successo alla BMW-WRT #32 di Weerts\/Van Der Linde, seguiti dalla Porsche-Lionspeed GP #80 di Buus\/Feller, mentre Engel\/Auer completano il trittico di testa con la Mercedes-Winward &#8216;Mamba&#8217; #48.<\/p>\n<p>Green\/Vermeulen sono quarti e i migliori delle Ferrari con la 296 #69 di Emil Frey Racing, Tresor Attempto Racing pu\u00f2 comunque sorridere per la Top5 centrata dall&#8217;Audi #99 di Aka\/Pereira che vincono la Classe GOLD CUP.<\/p>\n<p>Rossi\/Hesse chiudono sesti, Zagazeta\/Mosca sarebbero stati settimi e secondi GOLD al volante della Ferrari-AF Corse #51, ma scendono al 15\u00b0 posto generale e al 3\u00b0 di categoria per una penalit\u00e0 di 5&#8243; a causa di track-limits non rispettati.<\/p>\n<p>Risalgono fino al settimo posto Pepper\/Cordeel (BMW-WRT #31) con dietro l&#8217;Audi-Eastalent Racing #84 di Reicher\/Haase e la Ferrari-AF #50 di Leclerc\/Neubauer.<\/p>\n<p>Completano la Top10 Montenegro\/Lismont che vincono la Classe SILVER CUP con la BMW-WRT #30, approfittando di una seconda met\u00e0 di gara difficile per la Aston Martin-Walkenhorst #34 di Day\/Villagomez che scende seconda. Terzi di categoria Panis\/Bartone sulla Mercedes-Getspeed #6.<\/p>\n<p>Andando a completare il discorso GOLD CUP, la piazza d&#8217;onore va a Prette\/Fleming armati della McLaren-Garage 59 #58 con cui concludono al 12\u00b0 posto assoluto.<\/p>\n<p>Dopo aver svettato, la Mercedes-Winward #87 di Dienst\/Salikhov ha sofferto di un problema che ha richiesto un reset in prossimit\u00e0 dalla &#8216;Quercia&#8217; e questo ha permesso alla AMG #12 di Rindone\/Schiller (Getspeed-Dubai) di saltarle davanti portandosi a casa il successo in BRONZE CUP. Terza la Ferrari-Kessel Racing #74 di Marschall\/Blattner.<\/p>\n<p>Il programma di domenica prevede la Qualifica 2 alle ore 10;05, seguita da Gara 2 alle ore 14;30.<\/p>\n<p><a href=\"https:\/\/www.gt-world-challenge-europe.com\/images\/News%202026\/5%20Misano\/Race%201\/GTWCEU_GT3_R1_ResultList_2-0.pdf\" target=\"_blank\" rel=\"noopener nofollow\" data-custom-text=\"1\"><strong>GT WORLD &#8211; Misano: Classifica di Gara 1<\/strong><\/a><\/p>\n<p>\u00a0<\/p>\n<p>\u00a0<\/p>\n<p>            Vogliamo la vostra opinione!<\/p>\n<p class=\"mt-auto\">Cosa vorresti vedere su Motorsport.com?<\/p>\n<p>            <a href=\"#\" class=\"ms-link text-link font-bold\">Partecipate al nostro sondaggio di 5 minuti.<\/a><\/p>\n<p class=\"mt-1 text-body\">&#8211; Il team di Motorsport.com<\/p>\n","protected":false},"excerpt":{"rendered":"Il Team WRT festeggia l&#8217;ennesima vittoria a Misano, ma non con la tanto attesa BMW #46, bens\u00ec con&hellip;\n","protected":false},"author":3,"featured_media":591925,"comment_status":"","ping_status":"","sticky":false,"template":"","format":"standard","meta":{"footnotes":"","_share_on_mastodon":"0"},"categories":[176],"tags":[326276,33315,1537,90,89,16140,49421,326277,245,244],"class_list":["post-591924","post","type-post","status-publish","format-standard","has-post-thumbnail","category-sport","tag-gt-world-weerts-van-der-linde-trionfano-in-gara-1-a-misano","tag-gt-world-challenge-europe-sprint","tag-it","tag-italia","tag-italy","tag-misano","tag-misano-adriatico","tag-rossi-penalizzato","tag-sport","tag-sports"],"share_on_mastodon":{"url":"https:\/\/pubeurope.com\/@it\/116945384185896312","error":""},"_links":{"self":[{"href":"https:\/\/www.europesays.com\/it\/wp-json\/wp\/v2\/posts\/591924","targetHints":{"allow":["GET"]}}],"collection":[{"href":"https:\/\/www.europesays.com\/it\/wp-json\/wp\/v2\/posts"}],"about":[{"href":"https:\/\/www.europesays.com\/it\/wp-json\/wp\/v2\/types\/post"}],"author":[{"embeddable":true,"href":"https:\/\/www.europesays.com\/it\/wp-json\/wp\/v2\/users\/3"}],"replies":[{"embeddable":true,"href":"https:\/\/www.europesays.com\/it\/wp-json\/wp\/v2\/comments?post=591924"}],"version-history":[{"count":0,"href":"https:\/\/www.europesays.com\/it\/wp-json\/wp\/v2\/posts\/591924\/revisions"}],"wp:featuredmedia":[{"embeddable":true,"href":"https:\/\/www.europesays.com\/it\/wp-json\/wp\/v2\/media\/591925"}],"wp:attachment":[{"href":"https:\/\/www.europesays.com\/it\/wp-json\/wp\/v2\/media?parent=591924"}],"wp:term":[{"taxonomy":"category","embeddable":true,"href":"https:\/\/www.europesays.com\/it\/wp-json\/wp\/v2\/categories?post=591924"},{"taxonomy":"post_tag","embeddable":true,"href":"https:\/\/www.europesays.com\/it\/wp-json\/wp\/v2\/tags?post=591924"}],"curies":[{"name":"wp","href":"https:\/\/api.w.org\/{rel}","templated":true}]}}