{"id":591970,"date":"2026-07-19T07:41:15","date_gmt":"2026-07-19T07:41:15","guid":{"rendered":"https:\/\/www.europesays.com\/it\/591970\/"},"modified":"2026-07-19T07:41:15","modified_gmt":"2026-07-19T07:41:15","slug":"federica-brignone-sogno-un-figlio-ma-non-le-nozze-dopo-lo-sci-girero-il-mondo-in-surf-di-me-e-james-nessuno-sapra-nulla-sinner-ha-il-jet-io-prendo-ryanair","status":"publish","type":"post","link":"https:\/\/www.europesays.com\/it\/591970\/","title":{"rendered":"Federica Brignone: \u00abSogno un figlio, ma non le nozze. Dopo lo sci girer\u00f2 il mondo in surf. Di me e James nessuno sapr\u00e0 nulla. Sinner ha il jet, io prendo Ryanair\u00bb"},"content":{"rendered":"<p>    di<br \/>\n    Flavio Vanetti<\/p>\n<p class=\"summary-art is-line-h-12\">La sciatrice campionessa olimpica: \u00abDurante la discesa di  Cortina pensai  di mollare. Il calcio? \u00c8 manipolato. I social sono una malattia\u00bb<\/p>\n<p class=\"chapter-paragraph\"><b>La guerriera come sta?<\/b><br \/>\u00a0\u00abSta bene, sta lottando\u00bb.<\/p>\n<p class=\"chapter-paragraph\">\u00a0<b>Quindi non \u00e8 vero che potrebbe non disputare la prossima stagione\u2026\u00a0<\/b><br \/>\u00abFar\u00f2 di tutto per esserci, valuterei lo stop solo se avessi ancora tanto male\u00bb. A due passi dalla piazza che La Salle le ha intitolato, <b>Federica Brignone<\/b> ci parla di questi mesi trascorsi in altalena tra impegni e situazioni positive e negative. Tra le prime c\u2019\u00e8 il mare ritrovato: \u00abMi sono abbuffata di surf, tra San Salvador e Maldive; neve e mare sono le mie due dimensioni, ma la passione si sposta quasi pi\u00f9 verso l\u2019acqua perch\u00e9 la frequento di meno\u00bb.\u00a0    &#13;<br \/>\n&#13;<br \/>\n&#13;<br \/>\n&#13;<br \/>\n&#13;<br \/>\n&#13;<br \/>\n&#13;<br \/>\n&#13;<br \/>\n&#13;<br \/>\n&#13;<br \/>\n&#13;<br \/>\n&#13;<br \/>\n&#13;<br \/>\n&#13;<br \/>\n&#13;<br \/>\n&#13;<br \/>\n&#13;<br \/>\n&#13;<br \/>\n&#13;<br \/>\n&#13;<br \/>\n&#13;<br \/>\n&#13;<br \/>\n&#13;<br \/>\n&#13;<br \/>\n&#13;<br \/>\n&#13;<br \/>\n&#13;<br \/>\n&#13;<br \/>\n&#13;<br \/>\n&#13;<br \/>\n&#13;<br \/>\n&#13;<br \/>\n&#13;<br \/>\n&#13;<br \/>\n&#13;<br \/>\n&#13;<br \/>\n&#13;<br \/>\n&#13;<br \/>\n&#13;<br \/>\n&#13;<br \/>\n&#13;<br \/>\n&#13;<br \/>\n&#13;<br \/>\n&#13;<br \/>\n&#13;<br \/>\n&#13;<br \/>\n&#13;<br \/>\n&#13;<br \/>\n&#13;<br \/>\n&#13;<br \/>\n&#13;<br \/>\n&#13;<br \/>\n&#13;\n<\/p>\n<p class=\"chapter-paragraph\">Tra le seconde c\u2019\u00e8 la sfida <a href=\"https:\/\/www.corriere.it\/sport\/25_settembre_24\/brignone-intervista-infortunio-cortina-35b776f4-57c4-4010-8f06-57dd7646bxlk.shtml\" title=\"Brignone: \u00abIl ginocchio non torner\u00e0 pi\u00f9 come prima: l&#039;infortunio mi ha creato un guaio per la vita. Sono pronta all&#039;eventualit\u00e0 di non farcela\u00bb\" rel=\"nofollow noopener\" target=\"_blank\">al dolore alla gamba sinistra<\/a>: quella dell\u2019infortunio del 3 aprile 2025, ma anche quella che, grazie a un recupero miracoloso, l\u2019ha condotta a un leggendario doppio oro olimpico. Ma \u00e8 anche quella che ad Andorra l\u2019ha costretta ad anticipare l\u2019epilogo della stagione. \u00abZoppicavo, a inizio aprile era terribile. Ora va meglio. Oggi ho fatto la prima camminata in montagna, con la bici non ho problemi. Per\u00f2 ho dovuto adattare la preparazione: pi\u00f9 lavoro in piscina, pi\u00f9 esercizi dinamici e nessuno sforzo laterale\u00bb.\u00a0<\/p>\n<p class=\"chapter-paragraph\">La sua storia recente e i trionfi cortinesi saranno proposti in un docufilm: \u00abLe immagini sono state girate in inverno e in estate, ci sono poi le interviste a me e alla famiglia. Chi ha avuto l\u2019idea mi \u00e8 stato a lungo a fianco: era nella mia stanza perfino la sera prima del superG olimpico mentre preparavo lo zaino. Credo che vedrete il film in autunno o in inverno, sono gasata ed emozionata\u00bb.\u00a0<\/p>\n<p class=\"chapter-paragraph\"><b>Alla mente le tornano pi\u00f9 i tormenti vissuti o la gioia del doppio oro ai Giochi?<\/b><br \/>\u00abEntrambe le cose. Il guaio \u00e8 che i tormenti, prima, durante e dopo, sono stati cos\u00ec numerosi da rendere troppo brevi le gioie\u00bb.<\/p>\n<p class=\"chapter-paragraph\"><b>Ha capito qual \u00e8 stata la formula magica di quell\u2019impresa?<\/b><br \/>\u00abIl lavoro di anni, la dedizione. \u00c8 come se avessi vissuto di rendita: con mente e corpo ho contenuto varie insidie e ho superato limiti che ritenevo invalicabili\u00bb.<\/p>\n<p class=\"chapter-paragraph\"><b>I giorni di Cortina. Ce li racconta?\u00a0<\/b><br \/>\u00abMi ha accompagnato la felicit\u00e0 di essere l\u00ec, di avere una possibilit\u00e0. Per\u00f2 dopo la discesa ho avuto molto male: mettevo gli scarponi e non camminavo. Ero in crisi, in bilico tra contentezza e sofferenza, con la tentazione di mollare perch\u00e9 ero gi\u00e0 andata oltre l\u2019immaginabile. Ma una parte di me \u00e8 insorta e mi ha detto di tenere duro: il \u201cqui e ora\u201d ha funzionato ed \u00e8 stato magico\u00bb.<\/p>\n<p class=\"chapter-paragraph\"><b>Nella sua carriera nota la perfezione?<\/b><br \/>\u00abHo sempre cercato la perfezione, pur sapendo che non esiste. Per\u00f2 ho fatto manche strabilianti e due anni fa o vincevo o ero sui podi inferiori. Essere in un \u201cflow\u201d nel quale pi\u00f9 hai pressione e pi\u00f9 ottieni risultati, ecco, questo se non \u00e8 perfezione, perch\u00e9 appunto non esiste, \u00e8 di sicuro l\u2019essenza della vita\u00bb.<\/p>\n<p class=\"chapter-paragraph\"><b>\u00c8 difficile riprendere dopo tanti sacrifici, ma anche con la pancia piena?<\/b><br \/>\u00abDa una parte \u00e8 complicato, dall\u2019altra il mio mantra mi ricorda che ho trovato una stabilit\u00e0 mentale: ho sempre sognato il momento in cui ottengo la prestazione sotto pressione e ripeto i risultati. La pancia \u00e8 pienissima, anzi forse ho mangiato anche troppo: per\u00f2 ho lavorato tutta la vita per questa eccellenza\u00bb.<\/p>\n<p class=\"chapter-paragraph\"><b>C\u2019\u00e8 un limite alle sofferenze? Sofia Goggia ci diceva che non accetterebbe pi\u00f9 di dover recuperare da un nuovo infortunio.<\/b><br \/>\u00abLo pensavo pure io la scorsa stagione, dopo aver vinto tutto. L\u2019estate precedente avevo gi\u00e0 dovuto sistemare il fisico al J-Medical di Torino, l\u2019idea di passare ancora del tempo tra palestre e studi fisioterapici mi pesava. Be\u2019, \u00e8 andata molto peggio\u2026 Mi sono ritagliata una motivazione: riavere una vita normale. Poi pi\u00f9 stavo bene e pi\u00f9 mi dicevo che magari sarei tornata anche a fare l\u2019atleta. A un certo punto il focus sono diventati i Giochi\u00bb.<\/p>\n<p class=\"chapter-paragraph\"><b>Nei giorni dell\u2019incertezza ha potuto pensare alla vita futura?<\/b><br \/>\u00abCi penso sempre, non ho paura di piantarla l\u00ec con lo sci. Se dovessi lasciare, non sarei preoccupata: avrei mille opzioni. Vivo alla giornata, ma ho programmi a breve, medio e lungo termine. Ah, quando smetter\u00f2 vorr\u00f2 viaggiare e andare a fare surf in giro per il mondo. Anzi, far\u00f2 il giro del mondo surfando\u00bb.\u00a0<\/p>\n<p class=\"chapter-paragraph\"><b>\u00c8 apparsa in pubblico con James, il nuovo fidanzato: \u00e8 una svolta rispetto alla sua proverbiale riservatezza?<\/b><br \/>\u00abMi ero gi\u00e0 fatta vedere anche con il precedente compagno: era in prima fila quando vincevo coppe e medaglie e c\u2019era pure a<a href=\"\"> Cortina.<\/a> Solo che \u00e8 un maestro di sci e nessuno se l\u2019\u00e8 mai filato\u2026: questo mi dispiace. Del resto non pubblico mai foto \u201cesagerate\u201d con qualcuno. Tuttora sono riservata: di me e James nessuno sapr\u00e0 nulla\u00bb.<\/p>\n<p class=\"chapter-paragraph\"><b>L\u2019effetto vittoria ha dilatato l\u2019attenzione su voi due.<\/b><br \/>\u00abNo, la mia privacy \u00e8 stata invasa dopo i Giochi. Qualcuno non si \u00e8 fatto i cavoli suoi e questa cosa ancora non mi passa. Per\u00f2 poi mi sono detta: se sto con una persona non posso nascondermi per tutta la vita; tanto le mie regole non cambiano\u00bb.<\/p>\n<p class=\"chapter-paragraph\"><b>\u00a0Un \u00abBrignonino\u00bb o una \u00abBrignonina\u00bb sono nei pensieri?\u00a0<\/b><br \/>\u00abDiventare mamma \u00e8 uno dei sogni, a differenza del matrimonio. Per\u00f2 la maternit\u00e0 sar\u00e0 impossibile fino a quando rimarr\u00f2 atleta. Dopo il ritiro, per\u00f2, vorr\u00f2 viaggiare e fare altre cose. Sei mesi qui e sei mesi al mare, dedicandomi agli sport estremi: non avr\u00f2 una vita di routine\u00bb.\u00a0<\/p>\n<p class=\"chapter-paragraph\"><b>Tra poco riprender\u00e0 gli sci.<\/b><br \/>\u00a0\u00ab\u00c8 il primo, importante test. Se lo superer\u00f2 andr\u00f2 a Ushuaia assieme alla squadra. Se ci sar\u00f2 in Sud America, vorr\u00e0 dire che potr\u00f2 disputare la stagione\u00bb.\u00a0<\/p>\n<p class=\"chapter-paragraph\"><b>Sar\u00e0 pi\u00f9 gigantista o velocista?<\/b><br \/>\u00a0\u00abDipender\u00e0 da quale specialit\u00e0 mi procurer\u00e0 minori disagi. Ho imparato a fissare un limite: non \u00e8 divertente ritrovarsi senza poter camminare, provando un dolore tanto forte che la muscolatura si ribella e si spegne\u00bb.\u00a0<\/p>\n<p class=\"chapter-paragraph\"><b>Un futuro nel giornalismo sportivo come mamma Ninna Quario?<\/b>\u00a0<br \/>\u00abMagari, ma in un altro modo. Lei sa scrivere, io mi vedo nell\u2019area televisiva: qualcuno mi ha gi\u00e0 cercato. Lo sport entrer\u00e0 nel post-carriera, ma non subito: non posso ricominciare con le stesse trasferte\u00bb.\u00a0<\/p>\n<p class=\"chapter-paragraph\"><b>L\u2019Italia vive <a href=\"https:\/\/www.corriere.it\/sport\/tennis\/26_luglio_14\/serata-gala-wimbledon-sinner-cena-d84b6a67-7ea3-4cdf-8f14-587f9aef3xlk.shtml\" title=\"Sinner alla serata di gala di Wimbledon: \u00abSono brillo. La sofferenza di mamma? Non so, non sono ancora padre. Sono stato bocciato all&#039;esame della moto per la quarta volta\u00bb\" rel=\"nofollow noopener\" target=\"_blank\">la Sinner-mania<\/a>. E lei \u00e8 pure appassionata di tennis\u2026<\/b><br \/>\u00abJannik \u00e8 super: \u00e8 pi\u00f9 maturo rispetto alla sua et\u00e0, \u00e8 rispettoso, corretto, concentrato. Tornando allo sci, non \u00e8 l\u2019Alberto Tomba visto in certe situazioni\u00bb.\u00a0<\/p>\n<p class=\"chapter-paragraph\"><b>Ma Albertone \u00e8 popolarissimo ancora oggi: Jannik lo superer\u00e0 mai?<\/b><br \/>\u00a0\u00abPer me \u00e8 gi\u00e0 pi\u00f9 popolare. Alberto aveva fascino ed estro, tra l\u2019altro in un\u2019epoca diversa, senza i social. Difatti \u00e8 diventato Alberto Tomba e sarebbe interessante vedere quanto \u201cmuoverebbe\u201d oggi. Per\u00f2 Sinner vince in uno sport praticato da tutti e pieno di soldi\u00bb.<\/p>\n<p class=\"chapter-paragraph\"><b>\u00a0Anche Federica Brignone \u00e8 popolare.\u00a0<\/b><br \/>\u00abS\u00ec, per\u00f2 Jannik pu\u00f2 permettersi di viaggiare con il suo aereo, io l\u2019altro giorno ho preso Ryanair ed ero seduta tra la gente\u00bb.<\/p>\n<p class=\"chapter-paragraph\"><b>\u00a0E la gente che cosa le diceva?\u00a0<\/b><br \/>\u00abBe\u2019, chiaramente vengo riconosciuta ovunque\u00bb.\u00a0<\/p>\n<p class=\"chapter-paragraph\"><b>Quando le persone la avvicinano, lei scappa oppure d\u00e0 retta?\u00a0<\/b><br \/>\u00abSono gentile e cerco di essere disponibile. Chiaramente ci sono giornate in cui sono di fretta: allora faccio la foto e ciao ciao, me ne vado. In generale non mi piace quando qualcuno mi riconosce e lo segnala a tutti: in quei casi vorrei nascondermi\u00bb.<\/p>\n<p class=\"chapter-paragraph\"><b>\u00a0Lo sci sbaglia a non costruire migliori prospettive finanziarie per gli atleti?<\/b><br \/>\u00a0\u00abNon \u00e8 semplice, lo sci muove s\u00ec molti interessi ma non \u00e8 come il tennis. Peraltro credo che non siano adeguatamente remunerati gli sforzi che facciamo per dare il massimo in un minuto di gara e soprattutto i rischi che corriamo\u00bb.<\/p>\n<p class=\"chapter-paragraph\"><b>Oggi si conclude il <a href=\"https:\/\/www.corriere.it\/sport\/calcio\/mondiali\/\" rel=\"nofollow noopener\" target=\"_blank\">Mondiale <\/a>di calcio.<\/b><br \/>\u00abHo visto alcune partite, gli stadi pieni sono stati uno spettacolo. Per\u00f2 il calcio, mi spiace dirlo, \u00e8 troppo politico e manipolato. Detesto poi l\u2019invadenza dei social: come si fa a insultare chi sbaglia un rigore? I social sono una malattia\u00bb.<\/p>\n<p class=\"chapter-paragraph\"><b>Dove colloca Federica Brignone nella galleria delle glorie dello sci?\u00a0<\/b><br \/>\u00abNel punto indicato dai risultati: sono tra le dieci di tutti i tempi. L\u2019impresa di Cortina mi ha per\u00f2 consentito di superare dei limiti che tanti colleghi non hanno potuto passare: \u00e8 un valore aggiunto alla mia carriera\u00bb<\/p>\n<p>APPROFONDISCI CON IL PODCAST<\/p>\n<p class=\"is-last-update\" datetime=\"2026-07-19T08:19:32+02:00\">19 luglio 2026 ( modifica il 19 luglio 2026 | 08:19)<\/p>\n<p class=\"is-copyright\">\n            \u00a9 RIPRODUZIONE RISERVATA\n        <\/p>\n","protected":false},"excerpt":{"rendered":"di Flavio Vanetti La sciatrice campionessa olimpica: \u00abDurante la discesa di Cortina pensai di mollare. Il calcio? \u00c8&hellip;\n","protected":false},"author":3,"featured_media":591971,"comment_status":"","ping_status":"","sticky":false,"template":"","format":"standard","meta":{"footnotes":"","_share_on_mastodon":"0"},"categories":[6],"tags":[67573,326325,326326,67073,326327,1493,28953,1961,5678,3587,3550,24893,87234,721,1902,1330,8751,1684,447,122,1367,14,14839,13227,68511,1905,1906,273488,1907,13093,1533,1248,19634,228,4965,4421,3369,8,128,3264,2885,47321,1537,90,89,3190,326321,1269,1914,3233,20616,370,4002,42175,2050,6045,41827,101169,7,15,82,9,83,10,20400,3206,7896,3485,21336,13121,6092,11045,6427,10360,179,494,1270,5389,17932,147300,39948,42644,2434,366,17494,1686,326322,245,577,45216,5248,1273,13,56889,215954,11,80,84,12,81,85,2959,7677,123952,326323,326324],"class_list":["post-591970","post","type-post","status-publish","format-standard","has-post-thumbnail","category-ultime-notizie","tag-abbuffata","tag-abbuffata-surf","tag-abbuffata-surf-san","tag-accetterebbe","tag-accetterebbe-dover","tag-alberto","tag-alberto-tomba","tag-andata","tag-anzi","tag-aprile","tag-atleta","tag-be","tag-brignone","tag-calcio","tag-carriera","tag-cercato","tag-chiaramente","tag-ciao","tag-cortina","tag-cose","tag-credo","tag-cronaca","tag-diceva","tag-discesa","tag-disputare","tag-dolore","tag-doppio","tag-doppio-oro","tag-dovuto","tag-esiste","tag-estate","tag-federica","tag-federica-brignone","tag-foto","tag-gente","tag-giochi","tag-giro","tag-headlines","tag-idea","tag-impresa","tag-infortunio","tag-inverno","tag-it","tag-italia","tag-italy","tag-james","tag-james-sapra","tag-jannik","tag-li","tag-limite","tag-limiti","tag-malattia","tag-mamma","tag-manipolato","tag-mare","tag-mente","tag-mollare","tag-nascondermi","tag-news","tag-notizie","tag-notizie-di-cronaca","tag-notizie-principali","tag-notiziedicronaca","tag-notizieprincipali","tag-olimpico","tag-oro","tag-pancia","tag-passare","tag-perfezione","tag-popolare","tag-posso","tag-potuto","tag-precedente","tag-pressione","tag-pubblico","tag-punto","tag-rispetto","tag-risultati","tag-ryanair","tag-sapra","tag-sbaglia","tag-sci","tag-si","tag-sinner","tag-situazioni","tag-social","tag-social-malattia","tag-sport","tag-stagione","tag-surf","tag-tanti","tag-tennis","tag-titoli","tag-tomba","tag-tormenti","tag-ultime-notizie","tag-ultime-notizie-di-cronaca","tag-ultime-notizie-e-news-di-oggi","tag-ultimenotizie","tag-ultimenotiziedicronaca","tag-ultimenotizieenewsdioggi","tag-vedere","tag-viaggiare","tag-vincevo","tag-vorro","tag-vorro-viaggiare"],"share_on_mastodon":{"url":"","error":"Validation failed: Text character limit of 500 exceeded"},"_links":{"self":[{"href":"https:\/\/www.europesays.com\/it\/wp-json\/wp\/v2\/posts\/591970","targetHints":{"allow":["GET"]}}],"collection":[{"href":"https:\/\/www.europesays.com\/it\/wp-json\/wp\/v2\/posts"}],"about":[{"href":"https:\/\/www.europesays.com\/it\/wp-json\/wp\/v2\/types\/post"}],"author":[{"embeddable":true,"href":"https:\/\/www.europesays.com\/it\/wp-json\/wp\/v2\/users\/3"}],"replies":[{"embeddable":true,"href":"https:\/\/www.europesays.com\/it\/wp-json\/wp\/v2\/comments?post=591970"}],"version-history":[{"count":0,"href":"https:\/\/www.europesays.com\/it\/wp-json\/wp\/v2\/posts\/591970\/revisions"}],"wp:featuredmedia":[{"embeddable":true,"href":"https:\/\/www.europesays.com\/it\/wp-json\/wp\/v2\/media\/591971"}],"wp:attachment":[{"href":"https:\/\/www.europesays.com\/it\/wp-json\/wp\/v2\/media?parent=591970"}],"wp:term":[{"taxonomy":"category","embeddable":true,"href":"https:\/\/www.europesays.com\/it\/wp-json\/wp\/v2\/categories?post=591970"},{"taxonomy":"post_tag","embeddable":true,"href":"https:\/\/www.europesays.com\/it\/wp-json\/wp\/v2\/tags?post=591970"}],"curies":[{"name":"wp","href":"https:\/\/api.w.org\/{rel}","templated":true}]}}