{"id":591996,"date":"2026-07-19T08:08:13","date_gmt":"2026-07-19T08:08:13","guid":{"rendered":"https:\/\/www.europesays.com\/it\/591996\/"},"modified":"2026-07-19T08:08:13","modified_gmt":"2026-07-19T08:08:13","slug":"meloni-il-gioielliere-roggero-chi-puo-giudicare-la-sua-paura-e-il-suo-stress-quella-pena-e-sproporzionata","status":"publish","type":"post","link":"https:\/\/www.europesays.com\/it\/591996\/","title":{"rendered":"Meloni: \u00abIl gioielliere Roggero? Chi pu\u00f2 giudicare la sua paura e il suo stress? Quella pena \u00e8 sproporzionata\u00bb"},"content":{"rendered":"<p>    di<br \/>\n    Marco Galluzzo<\/p>\n<p class=\"summary-art is-line-h-12\">La premier sul caso Roggero: \u00abChi pu\u00f2 giudicare la sua paura e il suo stress? Siamo sicuri esista un modo per misurare quando una minaccia \u00e8 cessata?\u00bb<\/p>\n<p class=\"chapter-paragraph\">Sul caso del <a href=\"https:\/\/torino.corriere.it\/notizie\/cronaca\/26_luglio_16\/marioroggero-va-in-carcere-portate-avanti-la-mia-battaglia-lo-sfogo-social-prima-di-costituirsi-a9a786cf-2786-4b90-a64f-cd7543d71xlk.shtml\" rel=\"nofollow noopener\" target=\"_blank\">gioielliere Roggero<\/a>, sul quale in tanti hanno pi\u00f9 certezze che dubbi, schierandosi ora con i giudici che hanno condannato, ora contro le stesse toghe, colpevoli a giudizio di un\u2019altra tifoseria, politica e non, di non aver assolto o di non aver compreso sino in fondo la dimensione umana e traumatica del caso, <b>Giorgia Meloni sino ad ora \u00e8 rimasta in silenzio. <\/b>O quasi. Ma non per questo non si \u00e8 fatta delle domande, e non coltiva, quantomeno degli interrogativi. Che ha condiviso con il Corriere.<\/p>\n<p class=\"chapter-paragraph\">Per la premier in primo luogo ci vorrebbe \u00abmaggiore considerazione\u00bb non solo per il caso singolo, ma su una fattispecie penale che si ripete pi\u00f9 volte durante l\u2019anno nel Paese, e sulla quale in molte circostanze \u00ab<b>si possono ravvisare quelle <\/b>che sia nella procedura di alcune grazie, sia nelle assoluzioni di tanta giurisprudenza,<b> vengono chiamate come dinamiche dettate da disperazione delle vittime, di stress da esasperazione e dolore<\/b>\u00bb. La domanda che il suo partito sta portando avanti pubblicamente, in attesa di leggere le motivazioni della sentenza, \u00e8 la stessa: quella di cercare di capire perch\u00e9 per questo signore non sia stato debitamente valutato il particolare stato di squilibrio psichico.    &#13;<br \/>\n&#13;<br \/>\n&#13;<br \/>\n&#13;<br \/>\n&#13;<br \/>\n&#13;<br \/>\n&#13;<br \/>\n&#13;<br \/>\n&#13;<br \/>\n&#13;<br \/>\n&#13;<br \/>\n&#13;<br \/>\n&#13;<br \/>\n&#13;<br \/>\n&#13;<br \/>\n&#13;<br \/>\n&#13;<br \/>\n&#13;<br \/>\n&#13;<br \/>\n&#13;<br \/>\n&#13;<br \/>\n&#13;<br \/>\n&#13;<br \/>\n&#13;<br \/>\n&#13;<br \/>\n&#13;<br \/>\n&#13;<br \/>\n&#13;<br \/>\n&#13;<br \/>\n&#13;<br \/>\n&#13;<br \/>\n&#13;<br \/>\n&#13;<br \/>\n&#13;<br \/>\n&#13;<br \/>\n&#13;<br \/>\n&#13;<br \/>\n&#13;<br \/>\n&#13;<br \/>\n&#13;<br \/>\n&#13;<br \/>\n&#13;<br \/>\n&#13;<br \/>\n&#13;<br \/>\n&#13;<br \/>\n&#13;<br \/>\n&#13;<br \/>\n&#13;<br \/>\n&#13;<br \/>\n&#13;<br \/>\n&#13;<br \/>\n&#13;<br \/>\n&#13;\n<\/p>\n<p class=\"chapter-paragraph\">Mario Roggero sub\u00ec una rapina gi\u00e0 nel 2015, fu malmenato e minacciato insieme alla moglie nel suo negozio, fu chiuso in uno stanzino, aveva dei precedenti, ma da vittima, che possono comporre il puzzle di una vicenda che \u00e8 divenuta trauma, e che si \u00e8 riattivata con la seconda rapina. Qualche giorno fa \u00e8 stata assolta una donna che ha soffocato e ucciso la madre, che soffriva di Alzheimer. <b>Per Meloni, alla luce anche di questo dato, esistono troppe disparit\u00e0 giurisprudenziali nel nostro Paese: <\/b>\u00abChi \u00e8 in grado di giudicare il dolore, il trauma, lo stress e la paura di quest\u2019uomo? E a tutti coloro che lo fanno senza il beneficio del dubbio, dico con serenit\u00e0 che sbagliano, perch\u00e9 tutti dovrebbero farsi qualche domanda in pi\u00f9\u00bb.<\/p>\n<p class=\"chapter-paragraph\">Ovviamente per la premier questa vicenda racconta anche un trauma che si riattiva. \u00c8 la scena della moglie minacciata di morte con una pistola alla testa a fare da detonatore: \u00ab<b>Ma siamo sicuri \u2014 si chiede \u2014 che in quel momento fosse capace di intendere?<\/b> Siamo sicuri che esista un modo per misurare con l\u2019orologio o con il codice in mano quando una minaccia \u00e8 cessata o meno, quantomeno per un uomo simile, che si \u00e8 visto a un passo dalla morte, sua e dei suoi familiari, per ben due volte?\u00bb.<\/p>\n<p>APPROFONDISCI CON IL PODCAST<\/p>\n<p class=\"chapter-paragraph\">In questo contesto \u00e8 \u00abun errore credere che si possa distinguere in modo netto\u00bb il momento nel quale si era in pericolo da quello, esatto, nel quale il pericolo \u00e8 cessato. <b>E di conseguenza il momento nel quale cessa la difesa e inizia l\u2019offesa.<\/b> \u00abSe si subisce un\u2019aggressione, il nostro cervello e il nostro fisico entrano in modalit\u00e0 \u201ccombattimento\u201d, esiste una ampia letteratura a riguardo che spiega come l\u2019adrenalina modifica tutti i sensi, il corpo, la percezione. Accade perfino a professionisti che nella vita si occupano di sicurezza, figuriamoci a un comune cittadino\u00bb.<\/p>\n<p class=\"chapter-paragraph\">Seguendo questo ragionamento, per Meloni, \u00e8 pi\u00f9 che possibile che il gioielliere avesse la percezione distorta proprio dall\u2019adrenalina e che possa aver reputato il pericolo ancora in essere anche dopo che i rapinatori erano usciti dal negozio.<b> E anche in termini logici, prosegue, chi pu\u00f2 escludere che potessero rientrare per una nuova aggressione? <\/b>E in termini generali, se uno ti sferra un pugno a sangue freddo e poi si ferma, tu puoi reputare cessato il pericolo?  Perch\u00e9 \u00aba Roggero viene contestato di non aver avuto il sangue freddo in un contesto di alto pericolo e stress, picchi emotivi che raramente si riescono a controllare perfino in reparti addestrati di tanti settori\u00bb.<\/p>\n<p class=\"chapter-paragraph\">Meloni ha meno dubbi <b>sul principio di proporzionalit\u00e0, <\/b>perch\u00e9 \u00abnon si possono dare 8 anni a dei pedofili o meno di 10 anni a casi di stupri di gruppo e poi condannare a morire in carcere questo gioielliere, c\u2019\u00e8 un problema di proporzionalit\u00e0 delle pene\u00bb. <b>E a proposito di esecuzione della pena, la premier chiarisce che \u00e8 stata lei ad avallare che Nordio si attivasse, per istruire una pratica di grazia.<\/b> \u00abMa certo, gli ho detto io di andare avanti, bisogna chiamare le cose con il loro nome,<a href=\"https:\/\/roma.corriere.it\/notizie\/cronaca\/26_luglio_18\/roggero-meloni-grazia-c6a7a49c-a1cc-4cf1-9a21-1887d2862xlk.shtml\" rel=\"nofollow noopener\" target=\"_blank\"> una cosa \u00e8 il potere di concedere la grazia<\/a> e nessuno ha mai messo in dubbio che questa prerogativa appartenga esclusivamente al Quirinale, ma ci\u00f2 non vieta al Guardasigilli di istruire il procedimento\u00bb.<\/p>\n<p class=\"chapter-paragraph\">Infine pi\u00f9 che soddisfatta di aver cominciato <b>l\u2019iter di approvazione della norma che esclude la possibilit\u00e0 di ottenere un risarcimento civile <\/b>a chi subisce un danno mentre sta commettendo un reato. Indipendentemente dalle eventualit\u00e0 penali di chi ha reagito all\u2019aggressione \u00e8 una norma a tutela delle persone che come il gioielliere \u00abvengono condannate due volte\u00bb. Non solo perdendo familiari e libert\u00e0, ma anche il patrimonio costruito in una vita.<\/p>\n<p class=\"is-mr-t-20 is-mr-b-20\"><b><br \/>\n                    <a href=\"https:\/\/roma.corriere.it\/?intcmp=Notizielocali_nd_010623_corriere_ss_roma\" target=\"_blank\" rel=\"nofollow noopener\">Vai a tutte le notizie di Roma<\/a><br \/>\n            <\/b><\/p>\n<p class=\"chapter-paragraph\"><b><a href=\"https:\/\/www.corriere.it\/newsletter\/?theme=52&amp;intcmp=NL-artic_nd_050624_corriere_ss_roma\" target=\"_blank\" rel=\"nofollow noopener\">Iscriviti alla newsletter di Corriere Roma<\/a><\/b><\/p>\n<p class=\"is-last-update\" datetime=\"2026-07-19T08:15:28+02:00\">19 luglio 2026 ( modifica il 19 luglio 2026 | 08:15)<\/p>\n<p class=\"is-copyright\">\n            \u00a9 RIPRODUZIONE RISERVATA\n        <\/p>\n","protected":false},"excerpt":{"rendered":"di Marco Galluzzo La premier sul caso Roggero: \u00abChi pu\u00f2 giudicare la sua paura e il suo stress?&hellip;\n","protected":false},"author":3,"featured_media":591997,"comment_status":"","ping_status":"","sticky":false,"template":"","format":"standard","meta":{"footnotes":"","_share_on_mastodon":"0"},"categories":[6],"tags":[13319,4593,326389,113580,879,14,1905,2341,7757,1341,113477,326390,6055,6958,13081,326391,49015,326392,326393,14601,8,326394,1537,90,89,58,10703,326395,93646,1229,964,8429,7,6878,15,82,9,83,10,5238,326396,7041,62681,2972,3522,115,54599,53201,545,144045,326397,326398,1466,52920,23730,326399,2105,13,20585,11,80,84,12,81,85],"class_list":["post-591996","post","type-post","status-publish","format-standard","has-post-thumbnail","category-ultime-notizie","tag-adrenalina","tag-aggressione","tag-cessata","tag-cessato","tag-contesto","tag-cronaca","tag-dolore","tag-domanda","tag-dubbi","tag-dubbio","tag-esista","tag-esista-misurare","tag-familiari","tag-freddo","tag-gioielliere","tag-gioielliere-roggero","tag-giudicare","tag-giudicare-paura","tag-giudicare-paura-stress","tag-grazia","tag-headlines","tag-istruire","tag-it","tag-italia","tag-italy","tag-meloni","tag-minaccia","tag-minaccia-cessata","tag-misurare","tag-moglie","tag-morte","tag-negozio","tag-news","tag-norma","tag-notizie","tag-notizie-di-cronaca","tag-notizie-principali","tag-notiziedicronaca","tag-notizieprincipali","tag-paura","tag-paura-stress","tag-pena","tag-percezione","tag-pericolo","tag-possono","tag-premier","tag-proporzionalita","tag-quantomeno","tag-rapina","tag-roggero","tag-roggero-giudicare","tag-roggero-giudicare-paura","tag-sangue","tag-sangue-freddo","tag-sicuri","tag-sicuri-esista","tag-stress","tag-titoli","tag-trauma","tag-ultime-notizie","tag-ultime-notizie-di-cronaca","tag-ultime-notizie-e-news-di-oggi","tag-ultimenotizie","tag-ultimenotiziedicronaca","tag-ultimenotizieenewsdioggi"],"share_on_mastodon":{"url":"","error":"Validation failed: Text character limit of 500 exceeded"},"_links":{"self":[{"href":"https:\/\/www.europesays.com\/it\/wp-json\/wp\/v2\/posts\/591996","targetHints":{"allow":["GET"]}}],"collection":[{"href":"https:\/\/www.europesays.com\/it\/wp-json\/wp\/v2\/posts"}],"about":[{"href":"https:\/\/www.europesays.com\/it\/wp-json\/wp\/v2\/types\/post"}],"author":[{"embeddable":true,"href":"https:\/\/www.europesays.com\/it\/wp-json\/wp\/v2\/users\/3"}],"replies":[{"embeddable":true,"href":"https:\/\/www.europesays.com\/it\/wp-json\/wp\/v2\/comments?post=591996"}],"version-history":[{"count":0,"href":"https:\/\/www.europesays.com\/it\/wp-json\/wp\/v2\/posts\/591996\/revisions"}],"wp:featuredmedia":[{"embeddable":true,"href":"https:\/\/www.europesays.com\/it\/wp-json\/wp\/v2\/media\/591997"}],"wp:attachment":[{"href":"https:\/\/www.europesays.com\/it\/wp-json\/wp\/v2\/media?parent=591996"}],"wp:term":[{"taxonomy":"category","embeddable":true,"href":"https:\/\/www.europesays.com\/it\/wp-json\/wp\/v2\/categories?post=591996"},{"taxonomy":"post_tag","embeddable":true,"href":"https:\/\/www.europesays.com\/it\/wp-json\/wp\/v2\/tags?post=591996"}],"curies":[{"name":"wp","href":"https:\/\/api.w.org\/{rel}","templated":true}]}}