{"id":592097,"date":"2026-07-19T09:47:18","date_gmt":"2026-07-19T09:47:18","guid":{"rendered":"https:\/\/www.europesays.com\/it\/592097\/"},"modified":"2026-07-19T09:47:18","modified_gmt":"2026-07-19T09:47:18","slug":"il-romanzo-e-la-poesia-stanno-male-ma-i-trapper-si-sentono-benissimo","status":"publish","type":"post","link":"https:\/\/www.europesays.com\/it\/592097\/","title":{"rendered":"Il romanzo e la poesia stanno male ma i trapper si sentono benissimo"},"content":{"rendered":"<p>Uscito da Rizzoli a giugno, Il romanzo sotto accusa (per non parlar dei versi) raccoglie saggi e articoli, in parte inediti, con cui Walter Siti ripercorre la parabola di una letteratura un tempo maledetta e oggi ridotta a farmaco consolatorio. L\u2019arco va da Dante e Gadda a Genet e Campana, dai versi di Penna e Montale fino alle liriche dei trapper e alle scritture ibridate dall\u2019intelligenza artificiale, con una diagnosi che non risparmia nessuno: se il romanzo \u00e8 sotto processo, alla poesia va perfino peggio.<\/p>\n<p>Ed \u00e8 proprio ai trapper che tocca il compito imprevisto di custodire la poesia sfrattata dai luoghi ufficiali. Siti li legge con la stessa seriet\u00e0 filologica riservata a Montale, convinto che in quei testi la parola guidi la mente e il suono preceda il senso, secondo un istinto che, all\u2019insaputa degli autori, riannoda fili antichissimi. Il denominatore comune \u00e8 una spinta verso la prosa, la confessione, il parlato: ed \u00e8 l\u00ec che i versi tornano a sfiorare quel romanzo di cui il libro celebra il declino.<\/p>\n<p>Nelle lasse assonanzate di Massimo Pericolo, costruite su una stessa vocale tonica, Siti riconosce il metro della Chanson de Roland, e sotto la posa del gangsta che cita Escobar scopre il ragazzino di provincia che prega Totoro di nascondergli la droga nel bosco. In Marracash, ultraquarantenne steso sul lettino dell\u2019analista, la trap si fa prosa dialogica e autocritica del machismo, fino al verso puro metatesto \u00abmolla tutto, non lamentarti nella canzone\u00bb, dove la resa dei conti diventa resa dei conti della resa dei conti.<\/p>\n<p>Nella Vergogna di Madame, diciassettenne che esibisce la confusione su un impianto di ottonari, affiora il rimbaudiano \u00abio \u00e8 un altro\u00bb, un io sentito come semplice \u00abaddizione\u00bb di contesto e opinioni. E in Rancore l\u2019X agosto pascoliano rivive dentro il flow, col suo ritmo ternario e la pioggia di meteoriti-lacrime, restituito a quella dimensione cosmica che la lettura scolastica ha smarrito.<\/p>\n<p>Il paradosso \u00e8 tutto qui: la tradizione pi\u00f9 alta ritorna dove nessuno la cercava, tra bestemmie e ferite private, non come citazione erudita ma come necessit\u00e0 biografica.\n<\/p>\n<p> Resta la domanda inquieta di Siti, la stessa per ognuno di questi ragazzi: sapranno resistere alla mezza cultura che arriva col successo, o Spotify finir\u00e0 per addomesticare anche l\u2019ultima ingenuit\u00e0?<\/p>\n<p>Sono passati dieci anni esatti dall\u2019esplosione (non dalla nascita, remota) del rap: \u00e8 gi\u00e0 tempo di fare un bilancio.<\/p>\n","protected":false},"excerpt":{"rendered":"Uscito da Rizzoli a giugno, Il romanzo sotto accusa (per non parlar dei versi) raccoglie saggi e articoli,&hellip;\n","protected":false},"author":3,"featured_media":592098,"comment_status":"","ping_status":"","sticky":false,"template":"","format":"standard","meta":{"footnotes":"","_share_on_mastodon":"0"},"categories":[1443],"tags":[203,204,1537,90,89,1609,1538,1539,13192,326518],"class_list":["post-592097","post","type-post","status-publish","format-standard","has-post-thumbnail","category-musica","tag-entertainment","tag-intrattenimento","tag-it","tag-italia","tag-italy","tag-libri","tag-music","tag-musica","tag-saggio","tag-walter-siti"],"share_on_mastodon":{"url":"https:\/\/pubeurope.com\/@it\/116946013451937251","error":""},"_links":{"self":[{"href":"https:\/\/www.europesays.com\/it\/wp-json\/wp\/v2\/posts\/592097","targetHints":{"allow":["GET"]}}],"collection":[{"href":"https:\/\/www.europesays.com\/it\/wp-json\/wp\/v2\/posts"}],"about":[{"href":"https:\/\/www.europesays.com\/it\/wp-json\/wp\/v2\/types\/post"}],"author":[{"embeddable":true,"href":"https:\/\/www.europesays.com\/it\/wp-json\/wp\/v2\/users\/3"}],"replies":[{"embeddable":true,"href":"https:\/\/www.europesays.com\/it\/wp-json\/wp\/v2\/comments?post=592097"}],"version-history":[{"count":0,"href":"https:\/\/www.europesays.com\/it\/wp-json\/wp\/v2\/posts\/592097\/revisions"}],"wp:featuredmedia":[{"embeddable":true,"href":"https:\/\/www.europesays.com\/it\/wp-json\/wp\/v2\/media\/592098"}],"wp:attachment":[{"href":"https:\/\/www.europesays.com\/it\/wp-json\/wp\/v2\/media?parent=592097"}],"wp:term":[{"taxonomy":"category","embeddable":true,"href":"https:\/\/www.europesays.com\/it\/wp-json\/wp\/v2\/categories?post=592097"},{"taxonomy":"post_tag","embeddable":true,"href":"https:\/\/www.europesays.com\/it\/wp-json\/wp\/v2\/tags?post=592097"}],"curies":[{"name":"wp","href":"https:\/\/api.w.org\/{rel}","templated":true}]}}