{"id":592259,"date":"2026-07-19T12:06:14","date_gmt":"2026-07-19T12:06:14","guid":{"rendered":"https:\/\/www.europesays.com\/it\/592259\/"},"modified":"2026-07-19T12:06:14","modified_gmt":"2026-07-19T12:06:14","slug":"essere-giulia-cecchettin-la-regista-600-provini-per-trovare-la-protagonista-turetta-labbiamo-volutamente-oscurato-e-unopera-sulla-famiglia","status":"publish","type":"post","link":"https:\/\/www.europesays.com\/it\/592259\/","title":{"rendered":"Essere Giulia Cecchettin, la regista: \u00ab600 provini per trovare la protagonista. Turetta? L&#8217;abbiamo volutamente oscurato, \u00e8 un&#8217;opera sulla famiglia\u00bb"},"content":{"rendered":"<p><a href=\"https:\/\/www.ilgazzettino.it\/t\/padova\" rel=\"nofollow noopener\" target=\"_blank\">PADOVA<\/a> Il 18 novembre 2023 segna uno spartiacque nella storia recente italiana. C&#8217;\u00e8 un prima e un dopo quel giorno, quando il corpo di <a href=\"https:\/\/www.ilgazzettino.it\/t\/giulia-cecchettin\" rel=\"nofollow noopener\" target=\"_blank\">Giulia Cecchettin<\/a> viene ritrovato in un anfratto fra <a href=\"https:\/\/www.ilgazzettino.it\/t\/barcis\" rel=\"nofollow noopener\" target=\"_blank\">Barcis<\/a> e <a href=\"https:\/\/www.ilgazzettino.it\/t\/piancavallo\" rel=\"nofollow noopener\" target=\"_blank\">Piancavallo<\/a>, in provincia di Pordenone, a una settimana dalla sua scomparsa. L&#8217;assassino della ventiduenne \u00e8 l&#8217;ex fidanzato <a href=\"https:\/\/www.ilgazzettino.it\/t\/filippo-turetta\" rel=\"nofollow noopener\" target=\"_blank\">Filippo Turetta<\/a>, che verr\u00e0 definitivamente condannato all&#8217;ergastolo il 14 novembre 2025. Il caso scuote dalle fondamenta il Paese grazie alla resilienza del padre Gino e al &#8220;J&#8217;accuse&#8221; della sorella Elena, che accende i riflettori sui temi del patriarcato e della violenza di genere, innescando un dibattito culturale e politico al grido di &#8220;Per Giulia bruciate tutto&#8221;.<\/p>\n<p>&#13;<br \/>\nLA MISSIONE<\/p>\n<p>&#13;<br \/>\nA quasi tre anni da quella tragedia, la memoria di Giulia e il desiderio della sua famiglia di trasformare il dolore in una missione civile diventano il cuore del film <a href=\"https:\/\/www.ilgazzettino.it\/t\/se-domani-non-torno\" rel=\"nofollow noopener\" target=\"_blank\">Se domani non torno<\/a>. Liberamente ispirata al libro di <a href=\"https:\/\/www.ilgazzettino.it\/t\/gino-cecchettin\" rel=\"nofollow noopener\" target=\"_blank\">Gino Cecchettin<\/a>, Cara Giulia, l&#8217;opera targata Notorious Pictures \u00e8 stata diretta da Paola Randi, che ne firma la sceneggiatura insieme a Lisa Nur Sultan. Le prime clip sono state presentate in anteprima al <a href=\"https:\/\/www.ilgazzettino.it\/t\/giffoni-film-festival\" rel=\"nofollow noopener\" target=\"_blank\">Giffoni Film Festival<\/a>: l&#8217;uscita nelle sale \u00e8 fissata il 5 novembre.<br \/>&#13;<br \/>\nAd aprire l&#8217;evento \u00e8 stato proprio Gino, che nel lungometraggio sar\u00e0 impersonato dal perugino Filippo Timi. \u00abSentiamo di avere una responsabilit\u00e0 civile e crediamo che questo sia un modo per farla arrivare a tutti. Inoltre, non volevamo che il dolore vissuto fosse restituito in maniera non opportuna\u00bb, spiega il padre di Giulia. \u00abSento spesso parlare le persone della storia di mia figlia riferendosi alle ultime due ore della sua vita. Ma Giulia non \u00e8 solo la sua tragedia. La sua vita \u00e8 durata 22 anni, durante i quali ha scelto di autodeterminarsi, pagando con la sua vita. Quest&#8217;opera \u00e8 il modo migliore per renderle onore\u00bb.<br \/>&#13;<br \/>\nAccanto a lui, oltre a Paola Randi, siedono Sabrina Martina, che interpreter\u00e0 Giulia, Tecla Bossi, che sar\u00e0 <a href=\"https:\/\/www.ilgazzettino.it\/t\/elena-cecchettin\" rel=\"nofollow noopener\" target=\"_blank\">Elena Cecchettin<\/a>, e Tommaso Allione, scelto per il ruolo del fratello Davide. \u00abQuando sono stata chiamata a dirigere questo film, ero preoccupata dalla grossa responsabilit\u00e0. Dovevo trovare una chiave di raccordo per riuscire ad essere utile\u00bb, racconta la regista.<br \/>&#13;<br \/>\n\u00abDopo aver letto il libro di Gino, abbiamo capito che l&#8217;assenza doveva essere il fulcro del nostro lavoro. Questa mancanza ci ha permesso di seguire i passi di una famiglia in lutto, di mostrare ci\u00f2 che non veniva ripreso dalle telecamere e che li ha portati a tradurre un dolore privato in impegno civile\u00bb.<br \/>&#13;<br \/>\nCome per ogni film ispirato a una vicenda realmente accaduta, la scelta dei protagonisti \u00e8 stata uno snodo fondamentale, una chiave d&#8217;accesso per riuscire ad intercettare le emozioni del pubblico. \u00abAbbiamo fatto 600 provini. Non siamo corsi dietro al tentativo di imitare, ma abbiamo cercato persone che potessero far rivivere un&#8217;emozione, un ricordo\u00bb, confessa Randi. \u00abLa ricerca di Giulia \u00e8 stata lunghissima, poi \u00e8 arrivata Sabrina. Aveva una luce che ci sembrava fosse quella giusta. Tecla, invece, \u00e8 un&#8217;esordiente, ma incarna il potere rivoluzionario della giovent\u00f9. Una delle cose che mi ha sempre colpito di Elena \u00e8 la sua determinazione non violenta\u00bb.<\/p>\n<p>&#13;<br \/>\nIL FENOMENO<\/p>\n<p>&#13;<br \/>\nVisibilmente emozionata e consapevole del peso sulle sue spalle, Sabrina punta l&#8217;attenzione sulle dinamiche che permeano la violenza di genere, perch\u00e9 \u00abil femminicidio non accade in un secondo o in un&#8217;ora. \u00c8 un fenomeno lungo e per questo ne va scardinata la processualit\u00e0. Creare una rete di dialogo forma la consapevolezza che non lo faccio solo per me, ma per tutte noi\u00bb.<br \/>&#13;<br \/>\nA farle eco, spalla a spalla, \u00e8 Tecla, sua sorella sul set. \u00abElena ha parlato per la prima volta in diretta televisiva di femminicidio, dando alle cose il proprio nome\u00bb. Una questione quantomai attuale, perch\u00e9 \u00abspesso leggiamo sui giornali ancora termini inappropriati come &#8220;povera ragazza&#8221;. Il fatto che una donna cos\u00ec giovane ne abbia discusso in maniera tanto lucida, ha stravolto un linguaggio che esprime un modo di pensare\u00bb.<br \/>&#13;<br \/>\nNessuno spazio sar\u00e0 invece riservato alla figura di Filippo Turetta, volutamente oscurato perch\u00e9 \u00abquesta \u00e8 un&#8217;opera sulla famiglia, non sull&#8217;assassino\u00bb, rivendica Randi, che poi parla gi\u00e0 ai futuri spettatori. \u00abVorrei che di questo film rimanga un respiro. Sar\u00e0 il nostro modo di fare rumore. Poi, passeremo il testimone\u00bb.<\/p>\n<p>\u00a0<\/p>\n","protected":false},"excerpt":{"rendered":"PADOVA Il 18 novembre 2023 segna uno spartiacque nella storia recente italiana. C&#8217;\u00e8 un prima e un dopo&hellip;\n","protected":false},"author":3,"featured_media":592260,"comment_status":"","ping_status":"","sticky":false,"template":"","format":"standard","meta":{"footnotes":"","_share_on_mastodon":"0"},"categories":[174],"tags":[203,454,80140,204,1537,90,89,1211],"class_list":["post-592259","post","type-post","status-publish","format-standard","has-post-thumbnail","category-intrattenimento","tag-entertainment","tag-film","tag-giulia-cecchettin","tag-intrattenimento","tag-it","tag-italia","tag-italy","tag-libro"],"share_on_mastodon":{"url":"https:\/\/pubeurope.com\/@it\/116946559483599168","error":""},"_links":{"self":[{"href":"https:\/\/www.europesays.com\/it\/wp-json\/wp\/v2\/posts\/592259","targetHints":{"allow":["GET"]}}],"collection":[{"href":"https:\/\/www.europesays.com\/it\/wp-json\/wp\/v2\/posts"}],"about":[{"href":"https:\/\/www.europesays.com\/it\/wp-json\/wp\/v2\/types\/post"}],"author":[{"embeddable":true,"href":"https:\/\/www.europesays.com\/it\/wp-json\/wp\/v2\/users\/3"}],"replies":[{"embeddable":true,"href":"https:\/\/www.europesays.com\/it\/wp-json\/wp\/v2\/comments?post=592259"}],"version-history":[{"count":0,"href":"https:\/\/www.europesays.com\/it\/wp-json\/wp\/v2\/posts\/592259\/revisions"}],"wp:featuredmedia":[{"embeddable":true,"href":"https:\/\/www.europesays.com\/it\/wp-json\/wp\/v2\/media\/592260"}],"wp:attachment":[{"href":"https:\/\/www.europesays.com\/it\/wp-json\/wp\/v2\/media?parent=592259"}],"wp:term":[{"taxonomy":"category","embeddable":true,"href":"https:\/\/www.europesays.com\/it\/wp-json\/wp\/v2\/categories?post=592259"},{"taxonomy":"post_tag","embeddable":true,"href":"https:\/\/www.europesays.com\/it\/wp-json\/wp\/v2\/tags?post=592259"}],"curies":[{"name":"wp","href":"https:\/\/api.w.org\/{rel}","templated":true}]}}