{"id":592273,"date":"2026-07-19T12:24:15","date_gmt":"2026-07-19T12:24:15","guid":{"rendered":"https:\/\/www.europesays.com\/it\/592273\/"},"modified":"2026-07-19T12:24:15","modified_gmt":"2026-07-19T12:24:15","slug":"rabiot-dopo-francia-inghilterra-le-parole-sul-milan-e-sui-bleus","status":"publish","type":"post","link":"https:\/\/www.europesays.com\/it\/592273\/","title":{"rendered":"Rabiot dopo Francia-Inghilterra: le parole sul Milan e sui Bleus"},"content":{"rendered":"<p>                                Il centrocampista rossonero dopo la finalina persa con l&#8217;Inghilterra duro coi suoi, poi parla di Milan: &#8220;Volevamo stare tranquilli durante il Mondiale e non volevamo essere disturbati da altre cose. Ora ci sar\u00e0 tempo di parlarsi tranquillamente&#8221;<\/p>\n<p>\n                                                                    Alessandro Grandesso\n                            <\/p>\n<p>                    19 luglio 2026 (modifica alle 11:17)  &#8211; PARIGI<\/p>\n<p>        <a href=\"https:\/\/www.gazzetta.it\/en\/football\/teams\/milan\/news\/19-07-2026\/rabiot-after-france-england-his-words-on-milan-and-les-bleus.shtml\" class=\"button button--link-dark\" rel=\"nofollow noopener\" target=\"_blank\"><\/p>\n<p>            English version<\/p>\n<p>        <\/a><\/p>\n<p class=\"paragraph\" spellcheck=\"true\">Non le manda mai a dire Adrien Rabiot. Pochi minuti dopo la finalina persa contro l&#8217;Inghilterra, il centrocampista si \u00e8 presentato davanti ai microfoni e ha fatto una analisi spietata dell&#8217;ultima gara al Mondiale nordamericano: \u201cPrimo tempo vergognoso, ho visto comportamenti inammissibili\u201d, ha dichiarato il giocatore del Milan, confermando anche di voler rimanere in rossonero.<\/p>\n<p>    occasioni\u2014 \u00a0<\/p>\n<p class=\"paragraph is-inline\" spellcheck=\"true\">\u201cRiparto dal Milan ovviamente \u2013 ha detto il francese \u2013 poi parler\u00f2 con il nuovo allenatore. Prima ho preferito contrarmi sul Mondiale e non essere disturbato da altre cose. Le vacanze sono meritate. Sono stati giorni davvero difficili a livello mentale\u201d. E lo si \u00e8 visto in campo ieri con un parziale di 4-0 in favore dell&#8217;Inghilterra nel primo tempo, che Rabiot non ha gradito: \u201cSiamo entrati in campo in modo direi vergognoso. Ho visto comportamenti di certi giocatori che non avevo mai visto prima. E&#8217; stato deludente perch\u00e9 era l&#8217;ultima occasione per fare bella figura. C&#8217;era molta delusione dopo la semifinale con la Spagna, ma anche un lavoro da finire e non ci si pu\u00f2 accontentare di chiuderla cos\u00ec. Alla pausa ci siamo parlati e ci siamo detti che serviva un po&#8217; di orgoglio e il secondo tempo \u00e8 stato nettamente migliore, perch\u00e9 nel primo certi comportamenti erano inammissibili. Ci sarebbe piaciuto finire con una vittoria anche per Deschamps e tutto il suo staff, ma questa sconfitta non toglie nulla a quanto \u00e8 riuscito a realizzare in questi anni\u201d.<\/p>\n<p><a class=\"is-partner-link\" href=\"https:\/\/abbonamenti.gazzetta.it\/de-promo-mondiali\/?pwcmp=cta&amp;forceBrowser=true\" rel=\"nofollow noopener\" target=\"_blank\">Gazzetta Mondiale: ogni notte un\u2019edizione straordinaria esclusiva. Non perdertela, abbonati a 1\u20ac\/mese!<\/a><\/p>\n<p>        futuro\u2014 \u00a0<\/p>\n<p class=\"paragraph\" spellcheck=\"true\">Anche Mbapp\u00e9 \u00e8 d&#8217;accordo: \u201cQuest&#8217;ultima partita non intacca la leggenda Deschamps\u201d. E il ct uscente non smentisce Rabiot: \u201cCerti giocatori avrebbero potuto far meglio, ma avrei dovuto anch&#8217;io fare scelte diverse. In ogni caso non potevamo restare su un primo tempo simile, e il secondo \u00e8 stato pi\u00f9 conforme a quello che la Francia sa fare\u201d. Dopo 14 anni alla guida dei Bleus, Deschamps si appresta a lasciare la nazionale. Al suo posto, Zinedine Zidane che inizier\u00e0 formalmente a lavorare da ct dal primo settembre, in vista dei primi impegni di Nations League, tra cui ad ottobre anche con l&#8217;Italia.<\/p>\n<p class=\"is-copyright\">\u00a9 RIPRODUZIONE RISERVATA<\/p>\n","protected":false},"excerpt":{"rendered":"Il centrocampista rossonero dopo la finalina persa con l&#8217;Inghilterra duro coi suoi, poi parla di Milan: &#8220;Volevamo stare&hellip;\n","protected":false},"author":3,"featured_media":592274,"comment_status":"","ping_status":"","sticky":false,"template":"","format":"standard","meta":{"footnotes":"","_share_on_mastodon":"0"},"categories":[1452],"tags":[1495,94467,721,921,3153,14501,326616,122,5886,46664,105157,326617,326618,4959,1740,3412,256064,2013,1537,90,89,553,1353,67930,46511,1739,245,244,2199],"class_list":["post-592273","post","type-post","status-publish","format-standard","has-post-thumbnail","category-calcio","tag-altre","tag-altre-cose","tag-calcio","tag-campo","tag-centrocampista","tag-comportamenti","tag-comportamenti-inammissibili","tag-cose","tag-ct","tag-deschamps","tag-finalina","tag-finalina-persa","tag-finalina-persa-inghilterra","tag-finire","tag-football","tag-giocatori","tag-inammissibili","tag-inghilterra","tag-it","tag-italia","tag-italy","tag-milan","tag-mondiale","tag-parlero","tag-rabiot","tag-soccer","tag-sport","tag-sports","tag-ultima"],"share_on_mastodon":{"url":"https:\/\/pubeurope.com\/@it\/116946630832867090","error":""},"_links":{"self":[{"href":"https:\/\/www.europesays.com\/it\/wp-json\/wp\/v2\/posts\/592273","targetHints":{"allow":["GET"]}}],"collection":[{"href":"https:\/\/www.europesays.com\/it\/wp-json\/wp\/v2\/posts"}],"about":[{"href":"https:\/\/www.europesays.com\/it\/wp-json\/wp\/v2\/types\/post"}],"author":[{"embeddable":true,"href":"https:\/\/www.europesays.com\/it\/wp-json\/wp\/v2\/users\/3"}],"replies":[{"embeddable":true,"href":"https:\/\/www.europesays.com\/it\/wp-json\/wp\/v2\/comments?post=592273"}],"version-history":[{"count":0,"href":"https:\/\/www.europesays.com\/it\/wp-json\/wp\/v2\/posts\/592273\/revisions"}],"wp:featuredmedia":[{"embeddable":true,"href":"https:\/\/www.europesays.com\/it\/wp-json\/wp\/v2\/media\/592274"}],"wp:attachment":[{"href":"https:\/\/www.europesays.com\/it\/wp-json\/wp\/v2\/media?parent=592273"}],"wp:term":[{"taxonomy":"category","embeddable":true,"href":"https:\/\/www.europesays.com\/it\/wp-json\/wp\/v2\/categories?post=592273"},{"taxonomy":"post_tag","embeddable":true,"href":"https:\/\/www.europesays.com\/it\/wp-json\/wp\/v2\/tags?post=592273"}],"curies":[{"name":"wp","href":"https:\/\/api.w.org\/{rel}","templated":true}]}}