{"id":592292,"date":"2026-07-19T12:36:23","date_gmt":"2026-07-19T12:36:23","guid":{"rendered":"https:\/\/www.europesays.com\/it\/592292\/"},"modified":"2026-07-19T12:36:23","modified_gmt":"2026-07-19T12:36:23","slug":"uk-inizia-lera-di-andy-burnham-dalle-pensioni-alla-difesa-le-sfide-che-lo-attendono","status":"publish","type":"post","link":"https:\/\/www.europesays.com\/it\/592292\/","title":{"rendered":"Uk, inizia l&#8217;era di Andy Burnham: dalle pensioni alla difesa, le sfide che lo attendono"},"content":{"rendered":"<p>Il tema pensionistico \u00e8 di primaria importanza nell&#8217;agenda di Burnham, e del Paese. L\u2019imperativo \u00e8 ridurre il costo delle pensioni di Stato che \u00e8 lievitato in modo insostenibile e che quest\u2019anno ha superato i<b> 146 miliardi di sterline,<\/b> pi\u00f9 del doppio del budget della difesa.<\/p>\n<p>\u00a0<\/p>\n<p>La possibile strategia \u00e8 quella gi\u00e0 indicata dal ministro del Tesoro: l\u2019et\u00e0 alla quale si pu\u00f2 ricevere la pensione di Stato sar\u00e0 aumentata <b>dagli attuali 66 a 68 anni<\/b> gi\u00e0 a partire dal 2037, invece che dal 2044 come previsto. Poi si salir\u00e0 ulteriormente a 69 anni intorno al 2070.<\/p>\n<p>\u00a0<\/p>\n<p>Un\u2019altra modifica su cui si potrebbe ragionare \u00e8 quella del <b>\u201ctriplice vincolo\u201d<\/b> (triple lock) sulle pensioni di Stato, che stabilisce che l\u2019aumento annuale sia pari al valore pi\u00f9 alto tra tre parametri: il tasso di inflazione, la crescita media dei salari o una soglia minima garantita del 2,5%. Ma su questa misura, che nel Regno Unito \u00e8 molto popolare,\u00a0il premier entrante finora ha dichiarato di voler rispettare il manifesto elettorale laburista del 2024, che si impegna a mantenere il triple lock.<\/p>\n<p>\u00a0<\/p>\n<p>Per approfondire:<\/p>\n<p><a data-intcmp=\"skytg24_schede_interlink_text\" href=\"https:\/\/tg24.sky.it\/mondo\/approfondimenti\/andy-burnham-chi-e\" rel=\"nofollow noopener\" target=\"_blank\">Chi \u00e8 Andy Burnham, il nuovo leader laburista e prossimo premier Uk al posto di Starmer<\/a><\/p>\n","protected":false},"excerpt":{"rendered":"Il tema pensionistico \u00e8 di primaria importanza nell&#8217;agenda di Burnham, e del Paese. L\u2019imperativo \u00e8 ridurre il costo&hellip;\n","protected":false},"author":3,"featured_media":592293,"comment_status":"","ping_status":"","sticky":false,"template":"","format":"standard","meta":{"footnotes":"","_share_on_mastodon":"0"},"categories":[160],"tags":[14,164,165,369,166,7,15,365,17939,11,167,12,168,161,162,163],"class_list":["post-592292","post","type-post","status-publish","format-standard","has-post-thumbnail","category-mondo","tag-cronaca","tag-dal-mondo","tag-dalmondo","tag-digitall","tag-mondo","tag-news","tag-notizie","tag-regno-unito","tag-uk","tag-ultime-notizie","tag-ultime-notizie-di-mondo","tag-ultimenotizie","tag-ultimenotiziedimondo","tag-world","tag-world-news","tag-worldnews"],"share_on_mastodon":{"url":"https:\/\/pubeurope.com\/@it\/116946677716467985","error":""},"_links":{"self":[{"href":"https:\/\/www.europesays.com\/it\/wp-json\/wp\/v2\/posts\/592292","targetHints":{"allow":["GET"]}}],"collection":[{"href":"https:\/\/www.europesays.com\/it\/wp-json\/wp\/v2\/posts"}],"about":[{"href":"https:\/\/www.europesays.com\/it\/wp-json\/wp\/v2\/types\/post"}],"author":[{"embeddable":true,"href":"https:\/\/www.europesays.com\/it\/wp-json\/wp\/v2\/users\/3"}],"replies":[{"embeddable":true,"href":"https:\/\/www.europesays.com\/it\/wp-json\/wp\/v2\/comments?post=592292"}],"version-history":[{"count":0,"href":"https:\/\/www.europesays.com\/it\/wp-json\/wp\/v2\/posts\/592292\/revisions"}],"wp:featuredmedia":[{"embeddable":true,"href":"https:\/\/www.europesays.com\/it\/wp-json\/wp\/v2\/media\/592293"}],"wp:attachment":[{"href":"https:\/\/www.europesays.com\/it\/wp-json\/wp\/v2\/media?parent=592292"}],"wp:term":[{"taxonomy":"category","embeddable":true,"href":"https:\/\/www.europesays.com\/it\/wp-json\/wp\/v2\/categories?post=592292"},{"taxonomy":"post_tag","embeddable":true,"href":"https:\/\/www.europesays.com\/it\/wp-json\/wp\/v2\/tags?post=592292"}],"curies":[{"name":"wp","href":"https:\/\/api.w.org\/{rel}","templated":true}]}}