{"id":592536,"date":"2026-07-19T16:07:17","date_gmt":"2026-07-19T16:07:17","guid":{"rendered":"https:\/\/www.europesays.com\/it\/592536\/"},"modified":"2026-07-19T16:07:17","modified_gmt":"2026-07-19T16:07:17","slug":"leclerc-ho-creduto-alla-vittoria-fino-alla-fine-passo-avanti-ferrari","status":"publish","type":"post","link":"https:\/\/www.europesays.com\/it\/592536\/","title":{"rendered":"Leclerc: &#8220;Ho creduto alla vittoria fino alla fine, passo avanti Ferrari&#8221;"},"content":{"rendered":"<p>                                Il monegasco secondo dietro ad Antonelli a Spa: &#8220;Siamo stati fortunati con la Virtual Safety Car, poi con le gomme dure siamo andati bene a parte i primissimi giri, dobbiamo continuare cos\u00ec. Favoriti in Ungheria? La Mercedes al momento ne ha di pi\u00f9&#8221;\u00a0<\/p>\n<p>            <a class=\"image is-50x50\" href=\"https:\/\/www.gazzetta.it\/redazione\/giusto-ferronato\/\" rel=\"nofollow noopener\" target=\"_blank\"><br \/>\n                <img decoding=\"async\" class=\"is-rounded\" src=\"https:\/\/www.europesays.com\/it\/wp-content\/uploads\/2026\/03\/giusto-ferronato-avatar.png\" alt=\"Giusto Ferronato\"\/><br \/>\n            <\/a><\/p>\n<p>Giornalista<\/p>\n<p>                    19 luglio 2026 (modifica alle 17:44)  &#8211; MILANO<\/p>\n<p class=\"paragraph\" spellcheck=\"true\">&#8220;Ho creduto nella vittoria fino alla fine. Abbiamo avuto fortuna con la Virtual Safety Car, ma il passo era relativamente forte. Abbiamo faticato con le gomme hard per cinque o sei giri, ma poi siamo andati bene. \u00c8 un bel passo in avanti per noi, continuiamo cos\u00ec&#8221;. Queste le prime parole di Charles Leclerc dopo il GP del Belgio chiuso in seconda posizione dal monegasco della Ferrari dietro alla Mercedes di Kimi Antonelli. &#8220;Le lacune che ci aspettavamo le abbiamo ritrovate \u2013 ha poi detto Charles a Sky Sport &#8211; la partenza \u00e8 stata divertente, il dispiegamento dell\u2019energia \u00e8 stato molto forte e ci ha permesso di passare George e Max, \u00e8 stato bello. Poi abbiamo avuto un po\u2019 di fortuna con la Virtual, non bisogna dimenticarlo&#8221;.\u00a0<\/p>\n<p>    mercedes davanti\u2014 \u00a0<\/p>\n<p class=\"paragraph is-inline\" spellcheck=\"true\">Leclerc ha confermato che la Mercedes, in ogni caso, ha ancora qualcosa in pi\u00f9: &#8220;Facevamo fatica nei rettilinei, ma il passo non era male &#8211; ha detto &#8211; devo controllare cosa non ha funzionato con la gomma hard, se ho preso qualcosa o sbagliato io perch\u00e9 poi il passo \u00e8 tornato. Sono rimasto sorpreso che quando Kimi mi ha passato non \u00e8 andato via, ma non ne avevamo abbastanza\u201d. Ora occhi sull&#8217;Ungheria, dove sulla carta la SF-26 dovrebbe farsi trovare molto pronta: \u201cIn Ungheria favoriti? Abbiamo la consapevolezza che la macchina si adatter\u00e0 di pi\u00f9 a Budapest che a Spa ma anche a Monaco pensavamo di essere favoriti &#8211; ha detto Leclerc &#8211; la Mercedes ha assetti anche per i circuiti tecnici. Loro hanno del passo in pi\u00f9 al momento, ma se c\u2019\u00e8 la possibilit\u00e0 di vincere faremo di tutto per esserci\u201d.<\/p>\n<p><a class=\"is-partner-link\" href=\"https:\/\/www.nowtv.it\/sport?dcmp=SPORT_SOCIAL_AW_PROS_Motori_CairoRCS_Gazzetta_CTA&amp;ead-publisher=N1792338.340088CAIRORCSMEDIAS.P.&amp;ead-name=N1792338.340088CAIRORCSMEDIAS.P.-35025367&amp;ead-location=439955329&amp;ead-creative=249314339&amp;ead-creativetype=1x1&amp;dya=4b3d5\" rel=\"nofollow noopener\" target=\"_blank\">Non perderti tutti i Gran Premi di Formula 1\u00ae e MotoGP\u2122 in esclusiva streaming su NOW! Attiva il Pass Sport da 19,99\u20ac al mese.<\/a><\/p>\n<p>    parla vasseur\u2014 \u00a0<\/p>\n<p class=\"paragraph is-inline\" spellcheck=\"true\">Il team principal Fred Vasseur incassa i complimenti per la prestazione, ma non fa troppi voli con la fantasia: &#8220;Il titolo? Non voglio sognare, bisogna concentrarsi sui risultati veri. Non ci aspettavamo di lottare per la vittoria, \u00e8 andata piuttosto bene. Nel complesso abbiamo ottenuto un buon risultato per il team. Ci aspettavamo di essere pi\u00f9 lenti della Mercedes, ma non c&#8217;era un margine enorme quindi possiamo lottare con loro. La prossima pista sar\u00e0 un po&#8217; pi\u00f9 dalla nostra parte&#8221;. Quello che un po&#8217; conferma lo stesso Lewis Hamilton: &#8220;Mi sento ottimista e entusiasta al 100% in vista della prossima gara &#8211; ha detto l&#8217;inglese &#8211; la macchina sar\u00e0 forte in Ungheria se troveremo un assetto e non faremo errori potremo andare bene. La penalit\u00e0? Penso che fosse un incidente di gara, \u00e8 stato un episodio sfortunato&#8221;.<\/p>\n<p class=\"is-copyright\">\u00a9 RIPRODUZIONE RISERVATA<\/p>\n","protected":false},"excerpt":{"rendered":"Il monegasco secondo dietro ad Antonelli a Spa: &#8220;Siamo stati fortunati con la Virtual Safety Car, poi con&hellip;\n","protected":false},"author":3,"featured_media":592537,"comment_status":"","ping_status":"","sticky":false,"template":"","format":"standard","meta":{"footnotes":"","_share_on_mastodon":"0"},"categories":[176],"tags":[7574,3993,39637,3439,14554,10871,35032,326789,25352,368,3440,2611,326790,629,6236,10862,60090,1537,90,89,3994,7754,14550,4044,1772,68,245,244,3578,65375,2224],"class_list":["post-592536","post","type-post","status-publish","format-standard","has-post-thumbnail","category-sport","tag-andati","tag-antonelli","tag-aspettavamo","tag-bisogna","tag-car","tag-charles","tag-creduto","tag-creduto-vittoria","tag-favoriti","tag-ferrari","tag-forte","tag-fortuna","tag-fortuna-virtual","tag-gara","tag-giri","tag-gomme","tag-hard","tag-it","tag-italia","tag-italy","tag-kimi","tag-leclerc","tag-lottare","tag-macchina","tag-mercedes","tag-passo","tag-sport","tag-sports","tag-ungheria","tag-virtual","tag-vittoria"],"share_on_mastodon":{"url":"https:\/\/pubeurope.com\/@it\/116947507910861068","error":""},"_links":{"self":[{"href":"https:\/\/www.europesays.com\/it\/wp-json\/wp\/v2\/posts\/592536","targetHints":{"allow":["GET"]}}],"collection":[{"href":"https:\/\/www.europesays.com\/it\/wp-json\/wp\/v2\/posts"}],"about":[{"href":"https:\/\/www.europesays.com\/it\/wp-json\/wp\/v2\/types\/post"}],"author":[{"embeddable":true,"href":"https:\/\/www.europesays.com\/it\/wp-json\/wp\/v2\/users\/3"}],"replies":[{"embeddable":true,"href":"https:\/\/www.europesays.com\/it\/wp-json\/wp\/v2\/comments?post=592536"}],"version-history":[{"count":0,"href":"https:\/\/www.europesays.com\/it\/wp-json\/wp\/v2\/posts\/592536\/revisions"}],"wp:featuredmedia":[{"embeddable":true,"href":"https:\/\/www.europesays.com\/it\/wp-json\/wp\/v2\/media\/592537"}],"wp:attachment":[{"href":"https:\/\/www.europesays.com\/it\/wp-json\/wp\/v2\/media?parent=592536"}],"wp:term":[{"taxonomy":"category","embeddable":true,"href":"https:\/\/www.europesays.com\/it\/wp-json\/wp\/v2\/categories?post=592536"},{"taxonomy":"post_tag","embeddable":true,"href":"https:\/\/www.europesays.com\/it\/wp-json\/wp\/v2\/tags?post=592536"}],"curies":[{"name":"wp","href":"https:\/\/api.w.org\/{rel}","templated":true}]}}