{"id":592550,"date":"2026-07-19T16:23:15","date_gmt":"2026-07-19T16:23:15","guid":{"rendered":"https:\/\/www.europesays.com\/it\/592550\/"},"modified":"2026-07-19T16:23:15","modified_gmt":"2026-07-19T16:23:15","slug":"vingegaard-si-ritira-dal-tour-de-france-sospetta-frattura-della-clavicola-dopo-la-caduta-nella-quindicesima-tappa","status":"publish","type":"post","link":"https:\/\/www.europesays.com\/it\/592550\/","title":{"rendered":"Vingegaard si ritira dal Tour de France, sospetta frattura della clavicola dopo la caduta nella quindicesima tappa"},"content":{"rendered":"<p>    di<br \/>\n    Marco Bonarrigo<\/p>\n<p class=\"summary-art is-line-h-12\">Niente da fare per il danese della Visma, secondo nella classifica generale. Cade in curva e si frattura la clavicola, ritiro necessario<\/p>\n<p class=\"chapter-paragraph\">Settimane anzi mesi di allenamento, lunghissimi e monacali ritiri in altura, i \u00abmarginal gains\u00bb per guadagnare secondi, che <a href=\"https:\/\/www.corriere.it\/sport\/cards\/tende-iperbariche-bagni-100-c-gambali-gonfiabili-tecniche-atleti-recuperare-che-non-sono-miracolose\/ultima-moda-tenda-iperbarica_principale.shtml\" title=\"Camere iperbariche, bagni a -100 C\u00b0, gambali gonfiabili: le tecniche degli atleti per recuperare. Che non sono miracolose\" target=\"_blank\" rel=\"nofollow noopener\">spaziano dai bibitoni all&#8217;acido lattico<\/a> per recuperare prima e meglio all&#8217;AI nelle ammiraglie ad aiutare gli strateghi della tattica. E poi lo <b>stress dei controlli antidoping (domenica mattina) alle due di notte<\/b> perch\u00e9 non si sa mai.<\/p>\n<p class=\"chapter-paragraph\">Fatiche enormi ma <b>l&#8217;assalto al Tour di Jonas Vingegaard sfuma a venti chilometri dall&#8217;arrivo<\/b> della tappa 15, in una <b>banale curva a destra, segnalata malissimo<\/b> da chi organizza. Anche questo \u00e8 ciclismo, purtroppo.    &#13;<br \/>\n&#13;<br \/>\n&#13;<br \/>\n&#13;<br \/>\n&#13;<br \/>\n&#13;<br \/>\n&#13;<br \/>\n&#13;<br \/>\n&#13;<br \/>\n&#13;<br \/>\n&#13;<br \/>\n&#13;<br \/>\n&#13;<br \/>\n&#13;<br \/>\n&#13;<br \/>\n&#13;<br \/>\n&#13;<br \/>\n&#13;<br \/>\n&#13;<br \/>\n&#13;<br \/>\n&#13;<br \/>\n&#13;<br \/>\n&#13;<br \/>\n&#13;<br \/>\n&#13;<br \/>\n&#13;<br \/>\n&#13;<br \/>\n&#13;<br \/>\n&#13;<br \/>\n&#13;<br \/>\n&#13;<br \/>\n&#13;<br \/>\n&#13;<br \/>\n&#13;<br \/>\n&#13;<br \/>\n&#13;<br \/>\n&#13;<br \/>\n&#13;<br \/>\n&#13;<br \/>\n&#13;<br \/>\n&#13;<br \/>\n&#13;<br \/>\n&#13;<br \/>\n&#13;<br \/>\n&#13;<br \/>\n&#13;<br \/>\n&#13;<br \/>\n&#13;<br \/>\n&#13;<br \/>\n&#13;<br \/>\n&#13;<br \/>\n&#13;<br \/>\n&#13;\n<\/p>\n<p class=\"chapter-paragraph\">Jonas la prende larga, <b>frena dove non si dovrebbe e prima di travolgere una spettatrice frana contro il marciapiede<\/b>. La smorfia sul viso raccolta dalla telecamera parla da sola, <b>clavicola andata, ciao ciao Tour de France<\/b>, addio alla seconda posizione in classifica a due passi dall&#8217;inizio del Plateau de Solaison dove la sua Visma preparava (o almeno ci provava) l&#8217;assalto a Re Pogacar V.<\/p>\n<p>        <img decoding=\"async\" class=\"is_full_image\" loading=\"lazy\" alt=\"Jonas Vingegaard caduta Tour de France 2026 4\" src=\"https:\/\/www.europesays.com\/it\/wp-content\/uploads\/2026\/07\/6a5ce71da4ee4.jpeg\" data-full-src=\"https:\/\/www.europesays.com\/it\/wp-content\/uploads\/2026\/07\/6a5ce71da4ee4.jpeg\"\/><\/p>\n<p class=\"chapter-paragraph\">Pogi rallenta i suoi (<b>\u00e8 caduto anche Isaac del Toro<\/b>, tocca dargli il tempo di riprendersi) per fare un punto della situazione, scuote la testa e poi <b>lascia che sia la Red Bull di Evenepoel (a quel punto secondo virtualmente in classifica) a inseguire i fuggitivi<\/b>, anche perch\u00e9 a lui rimane solo un Del Toro.<\/p>\n<p class=\"chapter-paragraph\">Lo sloveno <b>sulla salita finale prende il controllo della situazione<\/b>. Che fare, partire a tutta e rifilare il solito paio di minuti agli avversari? No, banale. Pogi parlotta con Del Toro e si mette a spingere ad un ritmo adeguato a staccare tutti meno il suo pupillo (ed Evenepoel, in netto crescendo di forma) che vuole a tutti i costi trascinare sul podio, spingendo il messicano che fa tanta tanta fatica.<\/p>\n<p class=\"chapter-paragraph\">Finisce che <b>Pogi prova a lanciare Del Toro in volata, il messicano allunga due volte, Evenepoel non gli molla la ruota<\/b> e poi contrattacca e vince la tappa (la sua prima in linea) con Pogacar che palesemente gliela regala per non mettere troppo in difficolt\u00e0 Del Toro (che perde solo 5&#8243;) che strappa la maglia bianca a Paul Seixas (+58&#8243; al traguardo), comunque bravissimo, e avvicina il podio.<\/p>\n<p class=\"chapter-paragraph\">Pogi resta in super giallo, <b>Evenepoel \u00e8 secondo a 5&#8242; esatti <\/b>(e marted\u00ec potr\u00e0 scatenarsi a cronometro e consolidare il podio), Del Toro \u00e8 terzo a 5&#8217;58&#8221;, Seixas quarto a 6&#8217;23&#8221; con Lipowitz che insegue a 6&#8217;48&#8221;.<\/p>\n<p class=\"is-last-update\" datetime=\"2026-07-19T17:59:48+02:00\">19 luglio 2026 ( modifica il 19 luglio 2026 | 17:59)<\/p>\n<p class=\"is-copyright\">\n            \u00a9 RIPRODUZIONE RISERVATA\n        <\/p>\n","protected":false},"excerpt":{"rendered":"di Marco Bonarrigo Niente da fare per il danese della Visma, secondo nella classifica generale. Cade in curva&hellip;\n","protected":false},"author":3,"featured_media":592551,"comment_status":"","ping_status":"","sticky":false,"template":"","format":"standard","meta":{"footnotes":"","_share_on_mastodon":"0"},"categories":[1456],"tags":[580,76918,1684,1824,1932,34983,11507,1825,277,2237,17133,2240,5830,326792,1537,90,89,14372,23601,3351,1931,3553,2893,494,95720,786,245,244,26733,2218,5517,3555,15683,1826,2223],"class_list":["post-592550","post","type-post","status-publish","format-standard","has-post-thumbnail","category-ciclismo","tag-assalto","tag-banale","tag-ciao","tag-ciclismo","tag-classifica","tag-clavicola","tag-curva","tag-cycling","tag-de","tag-de-france","tag-evenepoel","tag-france","tag-frattura","tag-frattura-clavicola","tag-it","tag-italia","tag-italy","tag-jonas","tag-messicano","tag-podio","tag-pogacar","tag-pogi","tag-prende","tag-punto","tag-seixas","tag-situazione","tag-sport","tag-sports","tag-tanta","tag-tappa","tag-toro","tag-tour","tag-tour-de","tag-tour-de-france","tag-vingegaard"],"share_on_mastodon":{"url":"https:\/\/pubeurope.com\/@it\/116947571112393435","error":""},"_links":{"self":[{"href":"https:\/\/www.europesays.com\/it\/wp-json\/wp\/v2\/posts\/592550","targetHints":{"allow":["GET"]}}],"collection":[{"href":"https:\/\/www.europesays.com\/it\/wp-json\/wp\/v2\/posts"}],"about":[{"href":"https:\/\/www.europesays.com\/it\/wp-json\/wp\/v2\/types\/post"}],"author":[{"embeddable":true,"href":"https:\/\/www.europesays.com\/it\/wp-json\/wp\/v2\/users\/3"}],"replies":[{"embeddable":true,"href":"https:\/\/www.europesays.com\/it\/wp-json\/wp\/v2\/comments?post=592550"}],"version-history":[{"count":0,"href":"https:\/\/www.europesays.com\/it\/wp-json\/wp\/v2\/posts\/592550\/revisions"}],"wp:featuredmedia":[{"embeddable":true,"href":"https:\/\/www.europesays.com\/it\/wp-json\/wp\/v2\/media\/592551"}],"wp:attachment":[{"href":"https:\/\/www.europesays.com\/it\/wp-json\/wp\/v2\/media?parent=592550"}],"wp:term":[{"taxonomy":"category","embeddable":true,"href":"https:\/\/www.europesays.com\/it\/wp-json\/wp\/v2\/categories?post=592550"},{"taxonomy":"post_tag","embeddable":true,"href":"https:\/\/www.europesays.com\/it\/wp-json\/wp\/v2\/tags?post=592550"}],"curies":[{"name":"wp","href":"https:\/\/api.w.org\/{rel}","templated":true}]}}