{"id":592554,"date":"2026-07-19T16:27:17","date_gmt":"2026-07-19T16:27:17","guid":{"rendered":"https:\/\/www.europesays.com\/it\/592554\/"},"modified":"2026-07-19T16:27:17","modified_gmt":"2026-07-19T16:27:17","slug":"juventus-ekhator-in-prestito-i-piani-del-club-per-lattaccante","status":"publish","type":"post","link":"https:\/\/www.europesays.com\/it\/592554\/","title":{"rendered":"Juventus, Ekhator in prestito? I piani del club per l&#8217;attaccante"},"content":{"rendered":"<p>                                L&#8217;attaccante \u00e8 in crescita, pu\u00f2 giocare di pi\u00f9 e maturare prima in un altro contesto: l&#8217;opzione Parma \u00e8 da tenere in considerazione, ma anche il Sassuolo aveva chiesto di lui<\/p>\n<p class=\"paragraph\" spellcheck=\"true\">La Juve ha un piano su Ekhator, suddiviso in tre grandi capitoli che prevedono in entrambi i passaggi intermedi una crescita sostanziale. Primo: dopo l\u2019investimento economico fatto, Spalletti ha il compito di accompagnare l\u2019azzurrino nel passaggio a un grande club, in cui le pressioni sono nettamente superiori alla media. Secondo: sostenere la crescita del calciatore fino a fargli scalare la classifica marcatori in Serie A e farlo diventare un top del campionato. Terzo: far meritare al giocatore la maglia da titolare della nazionale. S\u00ec, alla Continassa sono convinti di avere in mano il centravanti azzurro del futuro.\u00a0<\/p>\n<p>    VALUTAZIONI\u2014 \u00a0<\/p>\n<p class=\"paragraph is-inline\" spellcheck=\"true\">Ekhator \u00e8 stato il primo colpo dell\u2019estate. La Juve ci ha creduto e Ottolini, che lo ha visto crescere da vicino al Genoa negli ultimi anni, \u00e8 stato il garante dell\u2019operazione. Le caratteristiche del calciatore rispecchiano quelle che Spalletti ha richiesto per mettere a posto il reparto avanzato: qui, per\u00f2, gli uomini della Continassa vogliono mantenere la lucidit\u00e0 necessaria per non sbagliare le scelte sul percorso del ragazzo. Impensabile che un classe 2006 possa reggere il peso dell\u2019attacco juventino, mentre in un contesto diverso potrebbe giocare di pi\u00f9 e maturare prima. Per questo la dirigenza valuter\u00e0 a fine mercato la gestione migliore, credendo fortemente nel suo futuro.\u00a0<\/p>\n<p><a class=\"is-partner-link\" href=\"https:\/\/aipredictor.gazzetta.it\/?intcmp=calciomercato\" rel=\"nofollow noopener\" target=\"_blank\">Promo Mondiale 1\u20ac al mese per 3 mesi &#8211; Scopri chi vince con Gazzetta AI Predictor!<\/a><\/p>\n<p>    MERCATO\u2014 \u00a0<\/p>\n<p class=\"paragraph is-inline\" spellcheck=\"true\">L\u2019opzione che pu\u00f2 prendere forma porta sulle tracce del Parma, che negli ultimi anni ha lanciato Bonny quanto Pellegrino. Quest\u2019ultimo ora \u00e8 un <a href=\"https:\/\/www.gazzetta.it\/calcio\/squadre\/juventus\/calciomercato\/\" rel=\"nofollow noopener\" target=\"_blank\">obiettivo della Juve<\/a>, che potrebbe proporre uno scambio di prestiti al fine di accontentare le richieste degli emiliani affrontando l\u2019impegno economico in maniera pi\u00f9 agevole. Ekhator piaceva anche al Sassuolo, che aveva fatto un sondaggio nell\u2019ambito della trattativa per Muharemovic. E non vanno escluse altre richieste nelle prossime settimane, considerato che gi\u00e0 l\u2019anno scorso ha avuto una buona continuit\u00e0 di rendimento (30 presenze in campionato e 2 in Coppa Italia, impreziosite da 3 e un gol). Si decider\u00e0 tutto a fine mercato.<\/p>\n<p class=\"is-copyright\">\u00a9 RIPRODUZIONE RISERVATA<\/p>\n","protected":false},"excerpt":{"rendered":"L&#8217;attaccante \u00e8 in crescita, pu\u00f2 giocare di pi\u00f9 e maturare prima in un altro contesto: l&#8217;opzione Parma \u00e8&hellip;\n","protected":false},"author":3,"featured_media":590893,"comment_status":"","ping_status":"","sticky":false,"template":"","format":"standard","meta":{"footnotes":"","_share_on_mastodon":"0"},"categories":[1452],"tags":[10031,326795,2281,721,1856,879,7521,1307,9644,50853,1740,1889,326793,1537,90,89,565,326794,1412,30192,6301,28710,1320,6299,1739,24806,245,244,338],"class_list":["post-592554","post","type-post","status-publish","format-standard","has-post-thumbnail","category-calcio","tag-accompagnare","tag-accompagnare-azzurrino","tag-calciatore","tag-calcio","tag-campionato","tag-contesto","tag-continassa","tag-crescita","tag-economico","tag-ekhator","tag-football","tag-giocare","tag-giocare-maturare","tag-it","tag-italia","tag-italy","tag-juve","tag-maturare","tag-mercato","tag-opzione","tag-parma","tag-pellegrino","tag-richieste","tag-sassuolo","tag-soccer","tag-spalletti","tag-sport","tag-sports","tag-ultimi"],"share_on_mastodon":{"url":"https:\/\/pubeurope.com\/@it\/116947586194847900","error":""},"_links":{"self":[{"href":"https:\/\/www.europesays.com\/it\/wp-json\/wp\/v2\/posts\/592554","targetHints":{"allow":["GET"]}}],"collection":[{"href":"https:\/\/www.europesays.com\/it\/wp-json\/wp\/v2\/posts"}],"about":[{"href":"https:\/\/www.europesays.com\/it\/wp-json\/wp\/v2\/types\/post"}],"author":[{"embeddable":true,"href":"https:\/\/www.europesays.com\/it\/wp-json\/wp\/v2\/users\/3"}],"replies":[{"embeddable":true,"href":"https:\/\/www.europesays.com\/it\/wp-json\/wp\/v2\/comments?post=592554"}],"version-history":[{"count":0,"href":"https:\/\/www.europesays.com\/it\/wp-json\/wp\/v2\/posts\/592554\/revisions"}],"wp:featuredmedia":[{"embeddable":true,"href":"https:\/\/www.europesays.com\/it\/wp-json\/wp\/v2\/media\/590893"}],"wp:attachment":[{"href":"https:\/\/www.europesays.com\/it\/wp-json\/wp\/v2\/media?parent=592554"}],"wp:term":[{"taxonomy":"category","embeddable":true,"href":"https:\/\/www.europesays.com\/it\/wp-json\/wp\/v2\/categories?post=592554"},{"taxonomy":"post_tag","embeddable":true,"href":"https:\/\/www.europesays.com\/it\/wp-json\/wp\/v2\/tags?post=592554"}],"curies":[{"name":"wp","href":"https:\/\/api.w.org\/{rel}","templated":true}]}}