{"id":592584,"date":"2026-07-19T16:54:20","date_gmt":"2026-07-19T16:54:20","guid":{"rendered":"https:\/\/www.europesays.com\/it\/592584\/"},"modified":"2026-07-19T16:54:20","modified_gmt":"2026-07-19T16:54:20","slug":"italia-il-nodo-ct-entra-nella-settimana-chiave-quando-puo-arrivare-la-decisione","status":"publish","type":"post","link":"https:\/\/www.europesays.com\/it\/592584\/","title":{"rendered":"Italia, il nodo ct entra nella settimana chiave: quando pu\u00f2 arrivare la decisione"},"content":{"rendered":"<p>                                Corsa a tre per la panchina degli azzurri: sfumato Guardiola, attesa la scelta da parte di Malag\u00f2, Maldini e Leonardo<\/p>\n<p class=\"paragraph\" spellcheck=\"true\">Quella che si aprir\u00e0 domani deve essere la settimana decisiva per la scelta del ct. Ne \u00e8 convinto il presidente Figc Giovanni Malag\u00f2 che non a caso, nella conferenza stampa successiva al suo primo Consiglio federale (il primo luglio), aveva scherzato: \u201cSe per il 23 luglio &#8211; giorno in cui presenzier\u00e0 con Maldini e Leonardo all\u2019Assemblea di Lega Serie A &#8211; la cosa non si dovesse essere risolta sarebbe preoccupante\u201d. Sembrava mancare una vita in effetti. Poi la trattativa per chiudere il direttore tecnico (con aggiunta di prestigioso advisor o consulente che dir si voglia) \u00e8 andata molto per le lunghe (ne valeva la pena, sia chiaro) e il discorso commissario tecnico \u00e8 slittato. E slittato. E slittato ancora.<\/p>\n<p>    pirlo e gli altri\u2014 \u00a0<\/p>\n<p class=\"paragraph is-inline\" spellcheck=\"true\">La cosa buona \u00e8 che questo dimostra che quello che lo stesso Malag\u00f2 ha definito un proprio \u201cpasso indietro\u201d per lasciare spazio ad un vertice tecnico di assoluto valore come Maldini \u00e8 qualcosa che va molto oltre le formalit\u00e0. In un ambiente dove spesso le parole vanno a spasso dietro al vento, il presidente ha davvero atteso il suo dt e ora con lui si sta confrontando per arrivare a una soluzione condivisa per il ct. Dunque se fino a una settimana fa i nomi erano principalmente due &#8211; Conte e Mancini &#8211; adesso la rosa si \u00e8 allargata. Maldini e Leonardo avevano gi\u00e0 da qualche tempo in mente un profilo diverso da quelli che leggevano sui giornali. Tolto il piano Guardiola (ormai sfumato), la loro idea era quella di affidare la Nazionale a un giovane con una visione di gioco moderna e soprattutto nelle condizioni di portare avanti un progetto di lungo periodo, quindi minimo fino al Mondiale del 2030. Quando la nomina dei due \u00e8 stata ufficializzata, alcuni tecnici che potevano corrispondere al loro disegno si erano gi\u00e0 accasati. Ma non tutti. Andrea Pirlo \u00e8 l\u2019uomo che in questo momento pi\u00f9 si avvicina alla loro visione. L\u2019ultima parola spetta al presidente che, come noto, era pi\u00f9 orientato su nomi di una certa solidit\u00e0 come Antonio Conte e Roberto Mancini, tanto che pochi minuti dopo l\u2019elezione del 22 giugno aveva detto: \u201cUn allenatore da filiera? A me piacerebbe ma in questo momento ci sono troppe pressioni\u201d. Talmente tante da non assecondare una scommessa come Pirlo? \u00c8 un po\u2019 questo il nocciolo della questione. Certo, se alle sue spalle, a garantire per lui con tifosi, presidente e giocatori azzurri, si piazzano due come Maldini e Leonardo, le cose possono cambiare. Gioved\u00ec 23 c\u2019\u00e8 l\u2019Assemblea di Lega a Milano. La speranza di tutti \u00e8 di arrivarci con una scelta fatta e ampiamente condivisa.<\/p>\n","protected":false},"excerpt":{"rendered":"Corsa a tre per la panchina degli azzurri: sfumato Guardiola, attesa la scelta da parte di Malag\u00f2, Maldini&hellip;\n","protected":false},"author":3,"featured_media":592585,"comment_status":"","ping_status":"","sticky":false,"template":"","format":"standard","meta":{"footnotes":"","_share_on_mastodon":"0"},"categories":[1452],"tags":[36,10147,185320,4700,721,88761,2790,5886,1740,8631,1537,90,89,109,6775,426,63425,20361,320008,6248,2381,82928,135,1360,989,276113,307584,326800,1739,245,244,3375,5418],"class_list":["post-592584","post","type-post","status-publish","format-standard","has-post-thumbnail","category-calcio","tag-arrivare","tag-assemblea","tag-assemblea-lega","tag-azzurri","tag-calcio","tag-condivisa","tag-conte","tag-ct","tag-football","tag-guardiola","tag-it","tag-italia","tag-italy","tag-lega","tag-leonardo","tag-luglio","tag-malago","tag-maldini","tag-maldini-leonardo","tag-mancini","tag-nomi","tag-pirlo","tag-presidente","tag-scelta","tag-settimana","tag-sfumato","tag-slittato","tag-slittato-slittato","tag-soccer","tag-sport","tag-sports","tag-tecnico","tag-visione"],"share_on_mastodon":{"url":"https:\/\/pubeurope.com\/@it\/116947692379493797","error":""},"_links":{"self":[{"href":"https:\/\/www.europesays.com\/it\/wp-json\/wp\/v2\/posts\/592584","targetHints":{"allow":["GET"]}}],"collection":[{"href":"https:\/\/www.europesays.com\/it\/wp-json\/wp\/v2\/posts"}],"about":[{"href":"https:\/\/www.europesays.com\/it\/wp-json\/wp\/v2\/types\/post"}],"author":[{"embeddable":true,"href":"https:\/\/www.europesays.com\/it\/wp-json\/wp\/v2\/users\/3"}],"replies":[{"embeddable":true,"href":"https:\/\/www.europesays.com\/it\/wp-json\/wp\/v2\/comments?post=592584"}],"version-history":[{"count":0,"href":"https:\/\/www.europesays.com\/it\/wp-json\/wp\/v2\/posts\/592584\/revisions"}],"wp:featuredmedia":[{"embeddable":true,"href":"https:\/\/www.europesays.com\/it\/wp-json\/wp\/v2\/media\/592585"}],"wp:attachment":[{"href":"https:\/\/www.europesays.com\/it\/wp-json\/wp\/v2\/media?parent=592584"}],"wp:term":[{"taxonomy":"category","embeddable":true,"href":"https:\/\/www.europesays.com\/it\/wp-json\/wp\/v2\/categories?post=592584"},{"taxonomy":"post_tag","embeddable":true,"href":"https:\/\/www.europesays.com\/it\/wp-json\/wp\/v2\/tags?post=592584"}],"curies":[{"name":"wp","href":"https:\/\/api.w.org\/{rel}","templated":true}]}}