{"id":592586,"date":"2026-07-19T16:55:24","date_gmt":"2026-07-19T16:55:24","guid":{"rendered":"https:\/\/www.europesays.com\/it\/592586\/"},"modified":"2026-07-19T16:55:24","modified_gmt":"2026-07-19T16:55:24","slug":"il-vescovado-stefano-de-martino-di-casa-a-putechella-il-futuro-conduttore-di-sanremo-sceglie-lintimita-di-tramonti","status":"publish","type":"post","link":"https:\/\/www.europesays.com\/it\/592586\/","title":{"rendered":"Il Vescovado &#8211; Stefano De Martino &#8220;di casa&#8221; a Putechella: il futuro conduttore di Sanremo sceglie l&#8217;intimit\u00e0 di Tramonti"},"content":{"rendered":"<p><img decoding=\"async\" class=\"full\" src=\"https:\/\/www.europesays.com\/it\/wp-content\/uploads\/2026\/07\/stefano-de-martino-di-casa-a-putechella-il-futu-374777.webp\" alt=\"\"\/><\/p>\n<p><a href=\"https:\/\/www.amalfiboats.it\" target=\"_blank\" rel=\"nofollow noopener\"><img decoding=\"async\" src=\"https:\/\/www.europesays.com\/it\/wp-content\/uploads\/2026\/03\/amalfi-boats-costiera-amalfitana-charter-noleggi-332.webp.webp\" alt=\"Amalfi Boats Costiera Amalfitana, Charter, Noleggio imbarcazioni, Luxury Boats, Positano, Li Galli, Capri, Escursioni\"\/><\/a><\/p>\n<p>Novella, piccola frazione di Tramonti sospesa tra le colline che portano a Chiunzi e l&#8217;azzurro del mare di Maiori, ha ospitato un volto ormai prepotentemente al centro della scena televisiva italiana. <strong>Stefano De Martino<\/strong>, conduttore di <strong>Affari Tuoi<\/strong> e da febbraio ufficialmente annunciato come nuovo conduttore e direttore artistico del <strong>Festival di Sanremo 2027<\/strong>, ha scelto <strong>Putechella<\/strong>, il format <strong>pizza &amp; tagliere<\/strong> firmato dall&#8217;imprenditore <strong>Roberto Di Martino<\/strong>, per una serata conviviale lontana dai riflettori.<\/p>\n<p>Le immagini pubblicate dal profilo social del locale raccontano un De Martino rilassato, seduto a tavola sotto un pergolato, circondato da amici e dallo staff del ristorante, con una frase che accompagna gli scatti e che sembra fotografare perfettamente lo spirito della serata: &#8220;Le cose pi\u00f9 belle accadono quando le persone si sentono semplicemente a casa&#8221;. Non \u00e8 la prima volta che il conduttore sceglie la Costiera Amalfitana per i suoi momenti di relax, ma la scelta di un locale come Putechella, incastonato in un antico casolare tra un limoneto e il verde delle montagne di Tramonti, racconta bene quanto il fascino della Costiera stia anche nei suoi angoli pi\u00f9 nascosti, lontani dalla mondanit\u00e0 di Positano, Amalfi e Ravello.<\/p>\n<p><a href=\"https:\/\/www.amalficharter.it\" target=\"_blank\" rel=\"nofollow noopener\"><img decoding=\"async\" src=\"https:\/\/www.europesays.com\/it\/wp-content\/uploads\/2026\/03\/amalfi-charter-prenota-la-tua-escursione-via-mare-293.webp.webp\" alt=\"Amalfi Charter, prenota la tua escursione via mare in Costiera Amalfitana\"\/><\/a><\/p>\n<p>Putechella, nato dall&#8217;estro dell&#8217;imprenditore maiorese, Roberto Di Martino, dopo anni nel mondo della notte, ha fatto della sua filosofia &#8220;<strong>tradizione senza innovazione<\/strong>&#8221; il proprio biglietto da visita: pizze, fritti e taglieri a chilometro zero, prodotti dei caseifici locali e un&#8217;atmosfera rilassata a pochi passi dal mare. Il countdown verso la 77\u00aa edizione del Festival, in programma dal 16 al 20 febbraio 2027, \u00e8 gi\u00e0 iniziato, e ogni tappa campana del conduttore-designato viene ormai letta con occhio diverso dai suoi follower.<\/p>\n<p>Per Tramonti e per l&#8217;intera Costiera si tratta comunque di un&#8217;ulteriore conferma della capacit\u00e0 di attrazione del nostro territorio anche fuori dai circuiti pi\u00f9 battuti, dove un borgo collinare, un giardino di famiglia e un&#8217;accoglienza che profuma di tradizione contadina, si trasforma in un set quasi cinematografico.<\/p>\n<p><b>Se sei arrivato fino a qui<\/b>, significa che apprezzi il nostro impegno nel fornire notizie libere e accessibili a tutti.<\/p>\n<p>Per garantire un ambiente sicuro per i nostri lettori, abbiamo rimosso tutta la pubblicit\u00e0 invasiva, i cookie e i tracciamenti di terze parti.<\/p>\n<p>Tuttavia, per continuare a offrirti un&#8217;informazione di qualit\u00e0, il tuo aiuto \u00e8 fondamentale. Anche un piccolo contributo pu\u00f2 fare la differenza.<\/p>\n<p>Sostieni <b>Il Vescovado!<\/b><\/p>\n<p>Scegli il tuo contributo con <img loading=\"lazy\" decoding=\"async\" src=\"https:\/\/www.europesays.com\/it\/wp-content\/uploads\/2025\/07\/logo-paypal.webp.webp\" width=\"128\" height=\"33\" alt=\"\"\/><\/p>\n","protected":false},"excerpt":{"rendered":"Novella, piccola frazione di Tramonti sospesa tra le colline che portano a Chiunzi e l&#8217;azzurro del mare di&hellip;\n","protected":false},"author":3,"featured_media":592587,"comment_status":"","ping_status":"","sticky":false,"template":"","format":"standard","meta":{"footnotes":"","_share_on_mastodon":"0"},"categories":[1451],"tags":[22444,22453,22456,8818,1621,1620,11693,200855,22454,6288,22457,203,626,22458,7889,204,1537,90,89,22451,22445,13750,15,477,22447,22450,22443,22452,22448,22446,22442,22455,13552,22441],"class_list":["post-592586","post","type-post","status-publish","format-standard","has-post-thumbnail","category-celebrita","tag-amalfi-news","tag-atrani","tag-attualit","tag-campania","tag-celebrita","tag-celebrities","tag-comunicazione","tag-costa-d39amalfi","tag-costa-di-amalfi","tag-costiera-amalfitana","tag-curiosit","tag-entertainment","tag-eventi","tag-il-vescovado","tag-informazione","tag-intrattenimento","tag-it","tag-italia","tag-italy","tag-maiori","tag-maiori-news","tag-minori","tag-notizie","tag-politica","tag-portale-online-della-costa-di-amalfi","tag-positano","tag-positano-news","tag-praiano","tag-provincia-di-salerno","tag-quotidiano-on-line","tag-ravello-news","tag-ricorrenze","tag-scala","tag-vescovado"],"share_on_mastodon":{"url":"","error":"Validation failed: Text character limit of 500 exceeded"},"_links":{"self":[{"href":"https:\/\/www.europesays.com\/it\/wp-json\/wp\/v2\/posts\/592586","targetHints":{"allow":["GET"]}}],"collection":[{"href":"https:\/\/www.europesays.com\/it\/wp-json\/wp\/v2\/posts"}],"about":[{"href":"https:\/\/www.europesays.com\/it\/wp-json\/wp\/v2\/types\/post"}],"author":[{"embeddable":true,"href":"https:\/\/www.europesays.com\/it\/wp-json\/wp\/v2\/users\/3"}],"replies":[{"embeddable":true,"href":"https:\/\/www.europesays.com\/it\/wp-json\/wp\/v2\/comments?post=592586"}],"version-history":[{"count":0,"href":"https:\/\/www.europesays.com\/it\/wp-json\/wp\/v2\/posts\/592586\/revisions"}],"wp:featuredmedia":[{"embeddable":true,"href":"https:\/\/www.europesays.com\/it\/wp-json\/wp\/v2\/media\/592587"}],"wp:attachment":[{"href":"https:\/\/www.europesays.com\/it\/wp-json\/wp\/v2\/media?parent=592586"}],"wp:term":[{"taxonomy":"category","embeddable":true,"href":"https:\/\/www.europesays.com\/it\/wp-json\/wp\/v2\/categories?post=592586"},{"taxonomy":"post_tag","embeddable":true,"href":"https:\/\/www.europesays.com\/it\/wp-json\/wp\/v2\/tags?post=592586"}],"curies":[{"name":"wp","href":"https:\/\/api.w.org\/{rel}","templated":true}]}}