{"id":592730,"date":"2026-07-19T18:53:15","date_gmt":"2026-07-19T18:53:15","guid":{"rendered":"https:\/\/www.europesays.com\/it\/592730\/"},"modified":"2026-07-19T18:53:15","modified_gmt":"2026-07-19T18:53:15","slug":"in-tre-supermercati-carrefour-fa-troppo-caldo-lira-di-sindacati-e-lavoratori-aria-condizionata-o-sciopero","status":"publish","type":"post","link":"https:\/\/www.europesays.com\/it\/592730\/","title":{"rendered":"In tre supermercati Carrefour fa troppo caldo, l\u2019ira di sindacati e lavoratori: \u201cAria condizionata o sciopero\u201d"},"content":{"rendered":"<p>Lucca, 19 luglio 2026 \u2013\u00a0In tre ipermercati a marchio Carrefour di Lucca, Pisa e Massa fa troppo caldo. <strong>La denuncia arriva dai sindacati,<\/strong> che minacciano la possibilit\u00e0 di astenersi dal lavoro \u201cse non verranno presi provvedimenti immediati\u201d. La lettera di denuncia \u00e8 firmata da Filcams Cgil, Fisascat Cisl e Uiltucs della Toscana e riguarda tre negozi gestiti in franchising da un imprenditore locale. Negozi all\u2019interno dei quali, secondo loro, <strong>le condizioni climatiche sarebbero addirittura \u201cproibitive\u201d<\/strong>, con temperature\u00a0&#8220;talmente elevate da mettere a rischio la salute del personale e dei clienti&#8221;.<\/p>\n<p>&#8220;Sciopero della salute&#8221; <\/p>\n<p>I lavoratori sono pronti a fare quello che i sindacati stessi chiamano \u201csciopero della salute\u201d, cio\u00e8 un\u2019astensione dal lavoro <strong>per motivi legati al caldo torrido<\/strong>.\u00a0&#8220;La situazione strutturale dei punti vendita \u00e8 deficitaria da anni &#8211; si spiega ancora nella nota -. Trattandosi di una gestione in franchising, si assiste oggi a un continuo rimpallo di responsabilit\u00e0 su chi debba finanziare i lavori di ripristino degli impianti di climatizzazione. I lavoratori <strong>hanno gi\u00e0 incrociato le braccia pi\u00f9 volte <\/strong>nelle scorse settimane per chiedere un intervento urgente. La normativa vigente obbliga rigorosamente il datore di lavoro a garantire un microclima idoneo\u201d.<\/p>\n<p>Troppo caldo <\/p>\n<p>Complice l\u2019ondata di calore presente <strong>ormai da settimane,<\/strong> la situazione \u00e8 sempre pi\u00f9 difficile. \u201cSe non verranno presi provvedimenti immediati, i dipendenti eserciteranno il diritto di astenersi dal lavoro per motivi di sicurezza, esigendo la regolare retribuzione. La salute e sicurezza di lavoratrici e lavoratori &#8211; concludono i sindacati \u2013 <strong>non \u00e8 un tema oggetto di trattativa<\/strong> e su cui le scriventi organizzazioni sindacali non sono disponibili a fare un passo indietro. La salute non si baratta&#8221;.\u00a0<\/p>\n","protected":false},"excerpt":{"rendered":"Lucca, 19 luglio 2026 \u2013\u00a0In tre ipermercati a marchio Carrefour di Lucca, Pisa e Massa fa troppo caldo.&hellip;\n","protected":false},"author":3,"featured_media":592731,"comment_status":"","ping_status":"","sticky":false,"template":"","format":"standard","meta":{"footnotes":"","_share_on_mastodon":"0"},"categories":[172],"tags":[178,7488,177,1534,9276,7490,32567,1537,90,89,9324,28156,5174,10292],"class_list":["post-592730","post","type-post","status-publish","format-standard","has-post-thumbnail","category-affari","tag-affari","tag-aria","tag-business","tag-caldo","tag-carrefour","tag-condizionata","tag-ira","tag-it","tag-italia","tag-italy","tag-lavoratori","tag-sciopero","tag-sindacati","tag-supermercati"],"share_on_mastodon":{"url":"https:\/\/pubeurope.com\/@it\/116948160336415609","error":""},"_links":{"self":[{"href":"https:\/\/www.europesays.com\/it\/wp-json\/wp\/v2\/posts\/592730","targetHints":{"allow":["GET"]}}],"collection":[{"href":"https:\/\/www.europesays.com\/it\/wp-json\/wp\/v2\/posts"}],"about":[{"href":"https:\/\/www.europesays.com\/it\/wp-json\/wp\/v2\/types\/post"}],"author":[{"embeddable":true,"href":"https:\/\/www.europesays.com\/it\/wp-json\/wp\/v2\/users\/3"}],"replies":[{"embeddable":true,"href":"https:\/\/www.europesays.com\/it\/wp-json\/wp\/v2\/comments?post=592730"}],"version-history":[{"count":0,"href":"https:\/\/www.europesays.com\/it\/wp-json\/wp\/v2\/posts\/592730\/revisions"}],"wp:featuredmedia":[{"embeddable":true,"href":"https:\/\/www.europesays.com\/it\/wp-json\/wp\/v2\/media\/592731"}],"wp:attachment":[{"href":"https:\/\/www.europesays.com\/it\/wp-json\/wp\/v2\/media?parent=592730"}],"wp:term":[{"taxonomy":"category","embeddable":true,"href":"https:\/\/www.europesays.com\/it\/wp-json\/wp\/v2\/categories?post=592730"},{"taxonomy":"post_tag","embeddable":true,"href":"https:\/\/www.europesays.com\/it\/wp-json\/wp\/v2\/tags?post=592730"}],"curies":[{"name":"wp","href":"https:\/\/api.w.org\/{rel}","templated":true}]}}