{"id":592942,"date":"2026-07-19T22:25:15","date_gmt":"2026-07-19T22:25:15","guid":{"rendered":"https:\/\/www.europesays.com\/it\/592942\/"},"modified":"2026-07-19T22:25:15","modified_gmt":"2026-07-19T22:25:15","slug":"antonio-conte-nazionale-non-sono-stato-contattato-le-news","status":"publish","type":"post","link":"https:\/\/www.europesays.com\/it\/592942\/","title":{"rendered":"Antonio Conte: &#8216;Nazionale? Non sono stato contattato&#8217;. Le news"},"content":{"rendered":"<p>Paolo Maldini \u00e8 stato scelto come nuovo direttore tecnico dell&#8217;<strong>Italia<\/strong> e ora la Nazionale dovr\u00e0 cercare il suo <strong>nuovo Ct<\/strong>. I favoriti per il momento \u00e8 Roberto <strong>Mancini<\/strong>, con Andrea <strong>Pirlo<\/strong> come tentazione, ma tra i nomi accostati alla panchina azzurra c&#8217;\u00e8 anche quello di <strong>Antonio Conte<\/strong>. L&#8217;ex allenatore del Napoli, intervenuto come ospite di Dazn prima della finale dei Mondiali 2026, ha detto: &#8220;<strong>Io sono gi\u00e0 stato Ct ed \u00e8 stata sicuramente una bellissima esperienza<\/strong>. Penso siano state messe persone di valore a capo della struttura. <strong>Malag\u00f2 lo conosciamo tutti<\/strong>, una figura di spessore. <strong>Paolo Maldini non poteva rimanere fuori dal calcio<\/strong>, per me \u00e8 stato il difensore pi\u00f9 forte italiano ma anche da dirigente ha fatto molto bene. <strong>Quello che posso dire \u00e8 che la cosa pi\u00f9 importante \u00e8 che ci sia condivisione nella scelta<\/strong>, che si sposi questa scelta senza se e senza ma. \u00c8 la prerogativa per costruire qualcosa di pi\u00f9 importante. <strong>Se sono stato contattato? No<\/strong>&#8220;.<\/p>\n","protected":false},"excerpt":{"rendered":"Paolo Maldini \u00e8 stato scelto come nuovo direttore tecnico dell&#8217;Italia e ora la Nazionale dovr\u00e0 cercare il suo&hellip;\n","protected":false},"author":3,"featured_media":592943,"comment_status":"","ping_status":"","sticky":false,"template":"","format":"standard","meta":{"footnotes":"","_share_on_mastodon":"0"},"categories":[176],"tags":[11807,1537,90,89,245,244],"class_list":["post-592942","post","type-post","status-publish","format-standard","has-post-thumbnail","category-sport","tag-antonio-conte","tag-it","tag-italia","tag-italy","tag-sport","tag-sports"],"share_on_mastodon":{"url":"https:\/\/pubeurope.com\/@it\/116948993682516627","error":""},"_links":{"self":[{"href":"https:\/\/www.europesays.com\/it\/wp-json\/wp\/v2\/posts\/592942","targetHints":{"allow":["GET"]}}],"collection":[{"href":"https:\/\/www.europesays.com\/it\/wp-json\/wp\/v2\/posts"}],"about":[{"href":"https:\/\/www.europesays.com\/it\/wp-json\/wp\/v2\/types\/post"}],"author":[{"embeddable":true,"href":"https:\/\/www.europesays.com\/it\/wp-json\/wp\/v2\/users\/3"}],"replies":[{"embeddable":true,"href":"https:\/\/www.europesays.com\/it\/wp-json\/wp\/v2\/comments?post=592942"}],"version-history":[{"count":0,"href":"https:\/\/www.europesays.com\/it\/wp-json\/wp\/v2\/posts\/592942\/revisions"}],"wp:featuredmedia":[{"embeddable":true,"href":"https:\/\/www.europesays.com\/it\/wp-json\/wp\/v2\/media\/592943"}],"wp:attachment":[{"href":"https:\/\/www.europesays.com\/it\/wp-json\/wp\/v2\/media?parent=592942"}],"wp:term":[{"taxonomy":"category","embeddable":true,"href":"https:\/\/www.europesays.com\/it\/wp-json\/wp\/v2\/categories?post=592942"},{"taxonomy":"post_tag","embeddable":true,"href":"https:\/\/www.europesays.com\/it\/wp-json\/wp\/v2\/tags?post=592942"}],"curies":[{"name":"wp","href":"https:\/\/api.w.org\/{rel}","templated":true}]}}