{"id":592999,"date":"2026-07-19T23:20:11","date_gmt":"2026-07-19T23:20:11","guid":{"rendered":"https:\/\/www.europesays.com\/it\/592999\/"},"modified":"2026-07-19T23:20:11","modified_gmt":"2026-07-19T23:20:11","slug":"legionella-a-new-york-due-morti-e-72-contagi-nellupper-east-side","status":"publish","type":"post","link":"https:\/\/www.europesays.com\/it\/592999\/","title":{"rendered":"Legionella a New York, due morti e 72 contagi nell&#8217;Upper East Side"},"content":{"rendered":"<p><strong>Il batterio ha colpito uno dei quartieri pi\u00f9 ricchi di Manhattan: due persone sono morte e 72 sono state contagiate. Le autorit\u00e0 sanitarie stanno bonificando torri di raffreddamento e impianti di climatizzazione, mentre centinaia di residenti hanno lasciato le proprie abitazioni<\/strong><\/p>\n<p>Sono due i morti e 72 i contagi provocati dal focolaio di legionella che ha colpito l&#8217;Upper East Side di Manhattan, uno dei quartieri pi\u00f9 benestanti di New York. Il primo decesso \u00e8 stato reso noto venerd\u00ec, il secondo sabato. Le autorit\u00e0 sanitarie della citt\u00e0 sono al lavoro per bonificare le torri di raffreddamento e gli impianti di climatizzazione dei grandi edifici, e centinaia di persone hanno dovuto lasciare temporaneamente i propri appartamenti durante le operazioni, complice anche il caldo torrido che in questi giorni ha investito la metropoli.<\/p>\n<p>\u00a0<\/p>\n<p>\t\t \tCos&#8217;\u00e8 la legionella<\/p>\n<p>La legionellosi \u00e8 una forma grave di polmonite provocata da un batterio che prolifera nelle acque tiepide e stagnanti. Non si trasmette da persona a persona n\u00e9 attraverso l&#8217;acqua potabile. Nella maggior parte dei casi \u00e8 curabile, ma secondo i Centers for Disease Control and Prevention statunitensi circa il 10% dei contagiati muore per le complicazioni della malattia. La patologia venne identificata nel 1976, quando 221 partecipanti a un raduno dell&#8217;American Legion in un albergo di Filadelfia si ammalarono in circostanze allora inspiegabili: 34 di loro morirono.<\/p>\n<p>\t\t\t<a class=\"c-inline-card j-inline-card c-inline-card--with-image\" href=\"https:\/\/tg24.sky.it\/salute-e-benessere\/2025\/11\/18\/legionella-infezione-batterio-ambienti-rischio\" rel=\"follow nofollow noopener\" data-intcmp=\"skytg24_articolo_approfondimenti_inline\" target=\"_blank\"><\/p>\n<p>\t\t\t         <img decoding=\"async\" crossorigin=\"anonymous\" alt=\"\" src=\"https:\/\/www.europesays.com\/it\/wp-content\/uploads\/2026\/06\/1781147954_228_01_ipa_medico_foto_generica.jpg\"  loading=\"lazy\"  bad-src=\"https:\/\/www.europesays.com\/it\/wp-content\/uploads\/2026\/06\/1781147954_228_01_ipa_medico_foto_generica.jpg\"\/><\/p>\n<p>\n\t\t\t         Approfondimento<br \/>\n\t\t\t         Legionella, casi in aumento in Italia: cos\u2019\u00e8 e quali sono i sintomi\n\t\t\t      <\/p>\n<p>\t\t\t<\/a><\/p>\n<p>\t\t\tLe torri di raffreddamento sotto accusa<\/p>\n<p>I primi casi nell&#8217;Upper East Side sono stati individuati il 2 luglio. Da allora gli ispettori del Dipartimento della Salute hanno analizzato 183 torri di raffreddamento nell&#8217;area compresa tra Central Park e l&#8217;East River, tra la 76esima e la 96esima strada, riscontrando la presenza del batterio in almeno la met\u00e0. Si tratta delle grandi strutture cilindriche installate sui tetti dei palazzi, parte dello skyline cittadino: contenendo acqua calda per alimentare i sistemi di refrigerazione, possono nebulizzare nell&#8217;aria minuscole goccioline contaminate, trasportabili dal vento per centinaia di metri. La presenza del batterio nelle torri non ne fa automaticamente l&#8217;origine del focolaio \u2013 la conferma arriver\u00e0 solo tra un paio di settimane, con i test pi\u00f9 accurati \u2013 ma per precauzione le disinfezioni sono gi\u00e0 scattate.<\/p>\n<p>\t\t\tUn quartiere ricco al centro dell&#8217;emergenza<\/p>\n<p>Negli ultimi decenni i focolai di legionella a New York si erano concentrati soprattutto nelle comunit\u00e0 pi\u00f9 svantaggiate di Harlem e del Bronx. Un anno fa, proprio ad Harlem, un&#8217;epidemia aveva causato un centinaio di casi e sette morti. Stavolta il batterio ha cambiato indirizzo, colpendo il quartiere delle \u00e9lite di Manhattan \u2013 tra sedi di banche, negozi di alimentari di lusso, scuole private frequentate dai figli delle famiglie pi\u00f9 abbienti e residenze di ricchi e famosi \u2013 e trasformando una delle zone pi\u00f9 benestanti della citt\u00e0 nell&#8217;epicentro dell&#8217;emergenza sanitaria estiva. I nuovi casi hanno riacceso il dibattito sulla manutenzione degli impianti e sull&#8217;impatto delle estati sempre pi\u00f9 calde: gli esperti concordano sul fatto che le alte temperature favoriscano la proliferazione del batterio, rendendo episodi di questo tipo potenzialmente pi\u00f9 frequenti in futuro.<\/p>\n<p>\t            TAG:<\/p>\n","protected":false},"excerpt":{"rendered":"Il batterio ha colpito uno dei quartieri pi\u00f9 ricchi di Manhattan: due persone sono morte e 72 sono&hellip;\n","protected":false},"author":3,"featured_media":593000,"comment_status":"","ping_status":"","sticky":false,"template":"","format":"standard","meta":{"footnotes":"","_share_on_mastodon":"0"},"categories":[175],"tags":[239,1537,90,89,130728,11041,240,410],"class_list":["post-592999","post","type-post","status-publish","format-standard","has-post-thumbnail","category-salute","tag-health","tag-it","tag-italia","tag-italy","tag-legionella","tag-new-york","tag-salute","tag-usa"],"share_on_mastodon":{"url":"https:\/\/pubeurope.com\/@it\/116949211076260218","error":""},"_links":{"self":[{"href":"https:\/\/www.europesays.com\/it\/wp-json\/wp\/v2\/posts\/592999","targetHints":{"allow":["GET"]}}],"collection":[{"href":"https:\/\/www.europesays.com\/it\/wp-json\/wp\/v2\/posts"}],"about":[{"href":"https:\/\/www.europesays.com\/it\/wp-json\/wp\/v2\/types\/post"}],"author":[{"embeddable":true,"href":"https:\/\/www.europesays.com\/it\/wp-json\/wp\/v2\/users\/3"}],"replies":[{"embeddable":true,"href":"https:\/\/www.europesays.com\/it\/wp-json\/wp\/v2\/comments?post=592999"}],"version-history":[{"count":0,"href":"https:\/\/www.europesays.com\/it\/wp-json\/wp\/v2\/posts\/592999\/revisions"}],"wp:featuredmedia":[{"embeddable":true,"href":"https:\/\/www.europesays.com\/it\/wp-json\/wp\/v2\/media\/593000"}],"wp:attachment":[{"href":"https:\/\/www.europesays.com\/it\/wp-json\/wp\/v2\/media?parent=592999"}],"wp:term":[{"taxonomy":"category","embeddable":true,"href":"https:\/\/www.europesays.com\/it\/wp-json\/wp\/v2\/categories?post=592999"},{"taxonomy":"post_tag","embeddable":true,"href":"https:\/\/www.europesays.com\/it\/wp-json\/wp\/v2\/tags?post=592999"}],"curies":[{"name":"wp","href":"https:\/\/api.w.org\/{rel}","templated":true}]}}