{"id":593049,"date":"2026-07-20T00:13:16","date_gmt":"2026-07-20T00:13:16","guid":{"rendered":"https:\/\/www.europesays.com\/it\/593049\/"},"modified":"2026-07-20T00:13:16","modified_gmt":"2026-07-20T00:13:16","slug":"la-maratona-torna-allo-stadio-contestazione-dallinterno-e-corteo","status":"publish","type":"post","link":"https:\/\/www.europesays.com\/it\/593049\/","title":{"rendered":"La Maratona torna allo stadio: contestazione dall&#8217;interno e corteo"},"content":{"rendered":"<p>\nEra la data da segnare sul calendario, ma una volta arrivati nei pressi del Filadelfia, anche grazie alle indiscrezioni dei giorni scorsi, era gi\u00e0 chiaro quale sarebbe stata la decisione: era stata presa in anticipo e serviva soltanto la cornice giusta per comunicarla. <a style=\"color: #800000;\" href=\"https:\/\/www.toronews.net\/cronaca-live\/live-il-raduno-del-tifo-organizzato-al-filadelfia-tutti-gli-sviluppi\/\" rel=\"nofollow noopener\" target=\"_blank\"><strong>Circa 250 persone, dalle 17:00 in poi, si sono radunate<\/strong><\/a> davanti al bar &#8220;Fragole e Barbera&#8221;, in attesa che il maggior numero possibile di tifosi potesse ascoltare le spiegazioni dei gruppi organizzati della Curva Maratona. Una volta spostatisi nello <strong>spiazzo antistante lo stadio Filadelfia<\/strong>, intorno alle 18:00, \u00e8 arrivata la presa di posizione ufficiale: &#8220;Noi avevamo l&#8217;idea di <strong>rientrare allo stadio<\/strong>, <strong>continuare la contestazione<\/strong> e poi, in base a come va la squadra, comportarci di conseguenza&#8221;, spiega un esponente ultr\u00e0. La motivazione \u00e8 chiara: &#8220;<strong>Non entrare, secondo noi, oggi non ha pi\u00f9 tutto questo senso<\/strong>, anche perch\u00e9 se il Toro dovesse vincere due partite, le persone tornerebbero tutte allo stadio e fuori rimarremmo le solite 200 persone&#8221;.\n<\/p>\n<p>        <img src=\"https:\/\/www.europesays.com\/it\/wp-content\/uploads\/2026\/07\/WhatsApp-Image-2026-07-19-at-17.59.56-20e2b1f423a8-1200x675.jpeg\"   width=\"1600\" height=\"900\" alt=\"WhatsApp Image 2026-07-19 at 17.59.56\" title=\"WhatsApp Image 2026-07-19 at 17.59.56\" loading=\"eager\" fetchpriority=\"high\" decoding=\"sync\" class=\"w-full h-auto aspect-3\/2 object-cover object-top rounded-lg\"\/><\/p>\n<p>\n\u00c8 una questione di numeri, di presenza, ma anche della ricerca, come tifoseria, di un&#8217;identit\u00e0 appannatasi a causa delle divisioni interne. &#8220;Non entriamo per Cairo, <strong>entriamo per il Toro<\/strong>&#8220;, spiegano. Il rischio, altrimenti, \u00e8 quello di perdere la propria singolarit\u00e0 come tifoseria e &#8220;diventare come tutte le altre. La nostra forza era quella di sostenere il Toro in ogni occasione&#8221;.\n<\/p>\n<p>\n<strong>La scelta di rientrare convince la maggioranza<\/strong>. Un ragazzo di 22 anni, in particolare, manifesta per\u00f2 il proprio disappunto: &#8220;Allo stadio ho deciso di non andare, negandomi anche esperienze e ricordi&#8221;, confida. &#8220;Tutte le motivazioni che avete dato immaginavo che le avreste date e le rispetto assolutamente. Una cosa, secondo me, \u00e8 giusto che ve la ricordiate quando in futuro le cose dovessero andare male: di <strong>non riabbandonare lo stadio, perch\u00e9 secondo me perdereste in coerenza<\/strong>&#8220;. La decisione di riprendersi la Maratona, a detta di un ultr\u00e0, \u00e8 rivolta anche a chi, come il ragazzo, si \u00e8 allontanato dallo stadio: &#8220;Se riusciamo a contestare Cairo dentro lo stadio e persone come te, che oggi non vengono, si riavvicinano all&#8217;ambiente e riusciamo ad aumentare i numeri, poi tra qualche mese si potranno pensare contestazioni pi\u00f9 grandi. Se invece tutte le persone come te, di vent&#8217;anni, leggendo i social mi dicono &#8216;io non vado allo stadio perch\u00e9 c&#8217;\u00e8 Cairo&#8217;, noi <strong>moriamo come tifoseria<\/strong>&#8220;.\n<\/p>\n<p>\nLa contestazione, dunque, proseguir\u00e0 e un primo importante segnale verr\u00e0 dato gi\u00e0 alla prima giornata. <strong>L&#8217;intenzione \u00e8 infatti quella di organizzare un corteo dal Filadelfia allo stadio Olimpico Grande Torino nelle ore precedenti a Torino-Milan<\/strong> del prossimo 23 agosto. &#8220;Per chi \u00e8 interessato, noi tutti i mercoled\u00ec sera ci troviamo al chiosco sotto la Maratona. Sarebbe bello che ci fosse tutta questa gente ogni mercoled\u00ec&#8221;.\n<\/p>\n<p>\nDa quanto affermato dall&#8217;avvocato Pierluigi Marengo, presente alla discussione, la scelta di tornare in curva (su segnalazione di Mario Patrignani dei Fedelissimi di Pesaro) sarebbe appoggiata da tutti i Toro Club del Centro Italia. Marengo ha inoltre ricordato che i Giuristi Granata hanno presentato ricorso al Tar contro il provvedimento che limita le trasferte, auspicandone l&#8217;annullamento. Ha infine riferito che, secondo un sondaggio informale tra i tifosi, i pi\u00f9 giovani si sono espressi in maggioranza a favore del ritorno allo stadio, mentre i sostenitori del boicottaggio sarebbero prevalentemente di et\u00e0 pi\u00f9 avanzata. Da segnalare, infine, <strong>l&#8217;assenza all&#8217;incontro dei Torino Hooligans<\/strong>.<\/p>\n","protected":false},"excerpt":{"rendered":"Era la data da segnare sul calendario, ma una volta arrivati nei pressi del Filadelfia, anche grazie alle&hellip;\n","protected":false},"author":3,"featured_media":593050,"comment_status":"","ping_status":"","sticky":false,"template":"","format":"standard","meta":{"footnotes":"","_share_on_mastodon":"0"},"categories":[176],"tags":[797,327069,327070,2699,32,7775,41024,13416,11507,1277,1368,16958,327068,30596,4067,52738,8920,1537,90,89,22,15344,269888,4559,553,1294,52744,5402,37936,90882,1360,245,244,2957,61702,6035,1641,147055,5517,31455],"class_list":["post-593049","post","type-post","status-publish","format-standard","has-post-thumbnail","category-sport","tag-affermato","tag-affermato-avvocato","tag-affermato-avvocato-pierluigi","tag-agosto","tag-andare","tag-cairo","tag-contestazione","tag-corteo","tag-curva","tag-dato","tag-decisione","tag-entriamo","tag-entriamo-toro","tag-filadelfia","tag-gruppi","tag-gruppi-organizzati","tag-infine","tag-it","tag-italia","tag-italy","tag-maggioranza","tag-maratona","tag-marengo","tag-mercoledi","tag-milan","tag-numeri","tag-organizzati","tag-ragazzo","tag-rientrare","tag-riusciamo","tag-scelta","tag-sport","tag-sports","tag-stadio","tag-tifoseria","tag-tifosi","tag-torino","tag-torino-milan","tag-toro","tag-ultra"],"share_on_mastodon":{"url":"https:\/\/pubeurope.com\/@it\/116949418925070449","error":""},"_links":{"self":[{"href":"https:\/\/www.europesays.com\/it\/wp-json\/wp\/v2\/posts\/593049","targetHints":{"allow":["GET"]}}],"collection":[{"href":"https:\/\/www.europesays.com\/it\/wp-json\/wp\/v2\/posts"}],"about":[{"href":"https:\/\/www.europesays.com\/it\/wp-json\/wp\/v2\/types\/post"}],"author":[{"embeddable":true,"href":"https:\/\/www.europesays.com\/it\/wp-json\/wp\/v2\/users\/3"}],"replies":[{"embeddable":true,"href":"https:\/\/www.europesays.com\/it\/wp-json\/wp\/v2\/comments?post=593049"}],"version-history":[{"count":0,"href":"https:\/\/www.europesays.com\/it\/wp-json\/wp\/v2\/posts\/593049\/revisions"}],"wp:featuredmedia":[{"embeddable":true,"href":"https:\/\/www.europesays.com\/it\/wp-json\/wp\/v2\/media\/593050"}],"wp:attachment":[{"href":"https:\/\/www.europesays.com\/it\/wp-json\/wp\/v2\/media?parent=593049"}],"wp:term":[{"taxonomy":"category","embeddable":true,"href":"https:\/\/www.europesays.com\/it\/wp-json\/wp\/v2\/categories?post=593049"},{"taxonomy":"post_tag","embeddable":true,"href":"https:\/\/www.europesays.com\/it\/wp-json\/wp\/v2\/tags?post=593049"}],"curies":[{"name":"wp","href":"https:\/\/api.w.org\/{rel}","templated":true}]}}