{"id":593099,"date":"2026-07-20T01:01:14","date_gmt":"2026-07-20T01:01:14","guid":{"rendered":"https:\/\/www.europesays.com\/it\/593099\/"},"modified":"2026-07-20T01:01:14","modified_gmt":"2026-07-20T01:01:14","slug":"de-la-fuente-spagna-che-onore-aver-guidato-il-gruppo-dalle-giovanili-al-mondiale","status":"publish","type":"post","link":"https:\/\/www.europesays.com\/it\/593099\/","title":{"rendered":"De la Fuente: &#8220;Spagna, che onore aver guidato il gruppo dalle giovanili al Mondiale&#8221;"},"content":{"rendered":"<p>                                Il ct della Roja esulta dopo la doppietta Europeo-Mondiale: &#8220;Che orgoglio i miei ragazzi&#8221;. E l&#8217;attaccante: &#8220;Ho segnato per 47 milioni di spagnoli&#8221;<\/p>\n<p class=\"paragraph\" spellcheck=\"true\">Trattiene a fatica l&#8217;emozione, Luis De la Fuente. Arrivato da semi-sconosciuto sulla panchina della Roja nel 2022, dopo l&#8217;eliminazione subita agli ottavi di finale da Luis Enrique contro il Marocco. Sotto la sua guida, la Roja ha infilato una vittoria dietro l&#8217;altra: Nations League, Europeo e Mondiale. Un percorso in crescendo, proprio come la carriera di De la Fuente, partita dal successo nel campionato Europeo Under 19 nel 2015 e arrivata a sollevare la coppa pi\u00f9 bella. Questo il suo commento a fine gara:\u00a0&#8220;Provo solo orgoglio per questo gruppo di calciatori: \u00e8 un onore averli accompagnati lungo questo percorso, dalle giovanili al tetto al mondo. Sono un esempio come calciatori, come uomini e come famiglia&#8221;.\u00a0<\/p>\n<p>        ferran torres\u2014 \u00a0<\/p>\n<p class=\"paragraph\" spellcheck=\"true\">E poi c&#8217;\u00e8 l&#8217;hombre del partido, Ferran Torres, entrato giusto in tempo per firmare l&#8217;impresa. Suo il gol che ha steso l&#8217;Argentina nel secondo tempo supplementare, o forse no, come ha confidato nel post gara: &#8220;Ho spinto io il pallone in rete, \u00e8 vero, ma il gol \u00e8 di 47 milioni di spagnoli. Il destino era scritto: dovevamo vincere noi, anche se poi non \u00e8 mai facile quando dall&#8217;altra parte gioca uno come Messi&#8221;. Poi, sul suo percorso al Mondiale: &#8220;Ho subito critiche di ogni tipo durante tutto il torneo, ma il destino era scritto. Ringrazio Dio, che d\u00e0 sempre le cose a chi le merita&#8221;.\u00a0<\/p>\n","protected":false},"excerpt":{"rendered":"Il ct della Roja esulta dopo la doppietta Europeo-Mondiale: &#8220;Che orgoglio i miei ragazzi&#8221;. E l&#8217;attaccante: &#8220;Ho segnato&hellip;\n","protected":false},"author":3,"featured_media":593100,"comment_status":"","ping_status":"","sticky":false,"template":"","format":"standard","meta":{"footnotes":"","_share_on_mastodon":"0"},"categories":[1452],"tags":[2537,1952,721,277,255792,397,327094,3889,327095,87718,249976,1740,255793,629,1976,1537,90,89,1353,491,253741,1739,245,244,28565],"class_list":["post-593099","post","type-post","status-publish","format-standard","has-post-thumbnail","category-calcio","tag-altra","tag-calciatori","tag-calcio","tag-de","tag-de-fuente","tag-destino","tag-destino-scritto","tag-europeo","tag-europeo-mondiale","tag-ferran","tag-ferran-torres","tag-football","tag-fuente","tag-gara","tag-gol","tag-it","tag-italia","tag-italy","tag-mondiale","tag-percorso","tag-roja","tag-soccer","tag-sport","tag-sports","tag-torres"],"share_on_mastodon":{"url":"https:\/\/pubeurope.com\/@it\/116949607320408789","error":""},"_links":{"self":[{"href":"https:\/\/www.europesays.com\/it\/wp-json\/wp\/v2\/posts\/593099","targetHints":{"allow":["GET"]}}],"collection":[{"href":"https:\/\/www.europesays.com\/it\/wp-json\/wp\/v2\/posts"}],"about":[{"href":"https:\/\/www.europesays.com\/it\/wp-json\/wp\/v2\/types\/post"}],"author":[{"embeddable":true,"href":"https:\/\/www.europesays.com\/it\/wp-json\/wp\/v2\/users\/3"}],"replies":[{"embeddable":true,"href":"https:\/\/www.europesays.com\/it\/wp-json\/wp\/v2\/comments?post=593099"}],"version-history":[{"count":0,"href":"https:\/\/www.europesays.com\/it\/wp-json\/wp\/v2\/posts\/593099\/revisions"}],"wp:featuredmedia":[{"embeddable":true,"href":"https:\/\/www.europesays.com\/it\/wp-json\/wp\/v2\/media\/593100"}],"wp:attachment":[{"href":"https:\/\/www.europesays.com\/it\/wp-json\/wp\/v2\/media?parent=593099"}],"wp:term":[{"taxonomy":"category","embeddable":true,"href":"https:\/\/www.europesays.com\/it\/wp-json\/wp\/v2\/categories?post=593099"},{"taxonomy":"post_tag","embeddable":true,"href":"https:\/\/www.europesays.com\/it\/wp-json\/wp\/v2\/tags?post=593099"}],"curies":[{"name":"wp","href":"https:\/\/api.w.org\/{rel}","templated":true}]}}