{"id":593149,"date":"2026-07-20T01:55:20","date_gmt":"2026-07-20T01:55:20","guid":{"rendered":"https:\/\/www.europesays.com\/it\/593149\/"},"modified":"2026-07-20T01:55:20","modified_gmt":"2026-07-20T01:55:20","slug":"inter-lautaro-ha-il-tifo-dei-compagni-per-la-finale-dei-mondiali","status":"publish","type":"post","link":"https:\/\/www.europesays.com\/it\/593149\/","title":{"rendered":"Inter, Lautaro ha il tifo dei compagni per la finale dei Mondiali"},"content":{"rendered":"<p>                                Nel ritiro tedesco i giocatori interisti hanno potuto godere di un pomeriggio libero e faranno il tifo per il loro capitano in Spagna-Argentina. E Pepo Martinez&#8230;<\/p>\n<p class=\"paragraph\" spellcheck=\"true\">Una domenica libera a met\u00e0. Dopo questa ne restano appena quattro senza Serie A e oggi Cristian Chivu ha deciso di dare una tregua ai suoi dalle doppie sedute. L\u2019Inter si \u00e8 allenata soltanto al mattino (<a href=\"https:\/\/www.gazzetta.it\/Calcio\/Serie-A\/Inter\/19-07-2026\/mkhitaryan-saro-un-micki-migliore-e-sono-rimasto-l-unico-senatore.shtml?intcmp=hyperlink-articolo-gazit\" target=\"_blank\" rel=\"nofollow noopener\">a margine ha parlato Mkhitaryan<\/a>) e ha avuto il pomeriggio libero. Relax puro. E lo sappiamo quanto l\u2019allenatore tenga anche a queste \u201csoste\u201d per rigenerarsi, visto che anche a campionato in corso non sono mancati i giorni liberi anche a ridosso di alcuni appuntamenti di campionato. A Donaueschingen il Chivu-pensiero non cambia.<\/p>\n<p>        TUTTI PER LAUTARO\u00a0\u2014 \u00a0<\/p>\n<p class=\"paragraph\" spellcheck=\"true\">In serata la squadra si \u00e8 ritrovata tutta insieme a cena come di consueto ma stasera \u00e8 pi\u00f9 unita che mai. Tutti davanti al televisore perch\u00e9 c\u2019\u00e8 la finale del Mondiale. Ma soprattutto c\u2019\u00e8 il capitano Lautaro a una partita di distanza dalla sua seconda Coppa del mondo consecutiva. L\u2019Inter \u00e8 con lui che, anche con la maglia dell\u2019Argentina e a migliaia di chilometri di distanza, \u00e8 riuscito a compattare in questo modo i suoi compagni di club. Nel Der \u00d6schberghof i nerazzurri faranno il tifo per il loro numero 10 \u2013 all\u2019inizio in panchina \u2013 perch\u00e9 sanno che se dovesse conquistare un altro Mondiale tornerebbe un Lautaro con un personalissimo triplete (scudetto, Coppa Italia e del mondo) e ancora pi\u00f9 carico in vista della prossima stagione. Anche se avr\u00e0 pochi giorni per allenarsi e prepararsi prima dello start contro il Monza, visto che al momento \u00e8 difficile ipotizzare un suo rientro prima di met\u00e0 agosto.\u00a0<\/p>\n<p>        ARGENTINI PER UNA SERA\u2014 \u00a0<\/p>\n<p class=\"paragraph\" spellcheck=\"true\">Nessun rito scaramantico, nessun men\u00f9 a tema. Nel resort dell\u2019Inter, tra i giocatori, ci sar\u00e0 solo tanta voglia di godersi una grande partita. Zielinski si era gi\u00e0 fatto portavoce del gruppo sulla vicinanza di tutto il gruppo a Lautaro: \u201cSar\u00e0 una bellissima partita, facciamo il tifo per l&#8217;Argentina. Lauti \u00e8 stato decisivo in semifinale e gli auguro di fare il gol decisivo nella finale perch\u00e9 se lo merita \u2013 aveva detto nel primo giorno di allenamenti in ritiro \u2013. \u00c8 un grandissimo giocatore, un leader e spero che vincer\u00e0 il secondo Mondiale\u201d. Luned\u00ec si ricomincer\u00e0 a lavorare sia alla mattina sia al pomeriggio. La tabella di marcia torner\u00e0 serrata e le doppie sedute una costante. Ma la sera della finale del Mondiale, l\u2019Inter, argentina per una sera, se la gode tutta insieme. Stretta intorno al suo capitano. E Pepo Martinez? Il nuovo titolare tra i pali nerazzurri, unico spagnolo in rosa, diciamo che comunque andr\u00e0 a finire la finale del MetLife Stadium stavolta (forse) potr\u00e0 trovare un lato positivo anche in caso di successo dell&#8217;Albiceleste.\u00a0<\/p>\n","protected":false},"excerpt":{"rendered":"Nel ritiro tedesco i giocatori interisti hanno potuto godere di un pomeriggio libero e faranno il tifo per&hellip;\n","protected":false},"author":3,"featured_media":593150,"comment_status":"","ping_status":"","sticky":false,"template":"","format":"standard","meta":{"footnotes":"","_share_on_mastodon":"0"},"categories":[1452],"tags":[2648,721,1856,8230,2839,4021,4297,13934,3669,29036,29037,1426,23606,1740,3412,350,1537,90,89,5826,1491,35788,3334,1353,609,1290,113394,327103,427,1738,13287,1739,245,244,38526],"class_list":["post-593149","post","type-post","status-publish","format-standard","has-post-thumbnail","category-calcio","tag-argentina","tag-calcio","tag-campionato","tag-capitano","tag-chivu","tag-compagni","tag-coppa","tag-decisivo","tag-distanza","tag-doppie","tag-doppie-sedute","tag-finale","tag-finale-mondiale","tag-football","tag-giocatori","tag-inter","tag-it","tag-italia","tag-italy","tag-lautaro","tag-libero","tag-martinez","tag-meta","tag-mondiale","tag-nerazzurri","tag-partita","tag-pepo","tag-pepo-martinez","tag-pomeriggio","tag-ritiro","tag-sera","tag-soccer","tag-sport","tag-sports","tag-tifo"],"share_on_mastodon":{"url":"https:\/\/pubeurope.com\/@it\/116949819464183386","error":""},"_links":{"self":[{"href":"https:\/\/www.europesays.com\/it\/wp-json\/wp\/v2\/posts\/593149","targetHints":{"allow":["GET"]}}],"collection":[{"href":"https:\/\/www.europesays.com\/it\/wp-json\/wp\/v2\/posts"}],"about":[{"href":"https:\/\/www.europesays.com\/it\/wp-json\/wp\/v2\/types\/post"}],"author":[{"embeddable":true,"href":"https:\/\/www.europesays.com\/it\/wp-json\/wp\/v2\/users\/3"}],"replies":[{"embeddable":true,"href":"https:\/\/www.europesays.com\/it\/wp-json\/wp\/v2\/comments?post=593149"}],"version-history":[{"count":0,"href":"https:\/\/www.europesays.com\/it\/wp-json\/wp\/v2\/posts\/593149\/revisions"}],"wp:featuredmedia":[{"embeddable":true,"href":"https:\/\/www.europesays.com\/it\/wp-json\/wp\/v2\/media\/593150"}],"wp:attachment":[{"href":"https:\/\/www.europesays.com\/it\/wp-json\/wp\/v2\/media?parent=593149"}],"wp:term":[{"taxonomy":"category","embeddable":true,"href":"https:\/\/www.europesays.com\/it\/wp-json\/wp\/v2\/categories?post=593149"},{"taxonomy":"post_tag","embeddable":true,"href":"https:\/\/www.europesays.com\/it\/wp-json\/wp\/v2\/tags?post=593149"}],"curies":[{"name":"wp","href":"https:\/\/api.w.org\/{rel}","templated":true}]}}