{"id":593151,"date":"2026-07-20T01:56:38","date_gmt":"2026-07-20T01:56:38","guid":{"rendered":"https:\/\/www.europesays.com\/it\/593151\/"},"modified":"2026-07-20T01:56:38","modified_gmt":"2026-07-20T01:56:38","slug":"il-vescovado-francesca-fagnani-conquista-minori-sorrisi-selfie-e-una-delizia-al-limone-prima-dellincontro-con-gigi-marzullo","status":"publish","type":"post","link":"https:\/\/www.europesays.com\/it\/593151\/","title":{"rendered":"Il Vescovado &#8211; Francesca Fagnani conquista Minori: sorrisi, selfie e una Delizia al Limone prima dell&#8217;incontro con Gigi Marzullo"},"content":{"rendered":"<p><img decoding=\"async\" class=\"full\" src=\"https:\/\/www.europesays.com\/it\/wp-content\/uploads\/2026\/07\/francesca-fagnani-conquista-minori-sorrisi-selfi-374756.webp\" alt=\"\"\/><\/p>\n<p><a href=\"https:\/\/www.amalfiboats.it\" target=\"_blank\" rel=\"nofollow noopener\"><img decoding=\"async\" src=\"https:\/\/www.europesays.com\/it\/wp-content\/uploads\/2026\/03\/amalfi-boats-costiera-amalfitana-charter-noleggi-332.webp.webp\" alt=\"Amalfi Boats Costiera Amalfitana, Charter, Noleggio imbarcazioni, Luxury Boats, Positano, Li Galli, Capri, Escursioni\"\/><\/a> <\/p>\n<p>L&#8217;empatia, quella capacit\u00e0 di entrare in sintonia con le persone che il pubblico le riconosce da sempre, si \u00e8 confermata anche lontano dalle telecamere. Francesca Fagnani \u00e8 arrivata nel tardo pomeriggio a Minori, dove questa sera sar\u00e0 protagonista degli <strong>Appuntamenti d&#8217;Estate 2026<\/strong>, in programma alle 21 in Piazza Cantilena, intervistata da Gigi Marzullo.<\/p>\n<p>Giunta intorno alle 18.30 all&#8217;Hotel Villa Romana, la giornalista \u00e8 stata accolta dal <strong>sindaco Andrea Reale<\/strong> e dal <strong>consigliere comunale Gerardo Del Pizzo<\/strong>, che le hanno dato il benvenuto nella cittadina della Costiera Amalfitana prima dell&#8217;appuntamento pubblico.<\/p>\n<p><a href=\"https:\/\/www.amalficharter.it\" target=\"_blank\" rel=\"nofollow noopener\"><img decoding=\"async\" src=\"https:\/\/www.europesays.com\/it\/wp-content\/uploads\/2026\/03\/amalfi-charter-prenota-la-tua-escursione-via-mare-293.webp.webp\" alt=\"Amalfi Charter, prenota la tua escursione via mare in Costiera Amalfitana\"\/><\/a> <\/p>\n<p>Come suo stile, la Fagnani non ha cercato scorciatoie n\u00e9 riservatezza. Con il sorriso ha salutato quanti l&#8217;hanno riconosciuta, concedendosi con naturalezza a fotografie e selfie con cittadini, turisti e operatori del territorio, trasformando l&#8217;attesa dell&#8217;evento in un momento di autentica vicinanza con il pubblico.<\/p>\n<p>Prima dell&#8217;incontro serale, immancabile una tappa da <strong>Sal De Riso<\/strong>, dove Francesca Fagnani ha voluto assaporare la celebre <strong>Delizia al Limone<\/strong>, simbolo della pasticceria della Costiera Amalfitana firmata dal maestro Sal De Riso, presidente dell&#8217;Accademia Maestri Pasticceri Italiani (AMPI). Anche qui non sono mancati sorrisi e fotografie con lo staff e gli ospiti presenti.<\/p>\n<p>L&#8217;atmosfera in citt\u00e0 \u00e8 quella delle grandi occasioni. In Piazza Cantilena \u00e8 ormai tutto pronto per l&#8217;incontro dedicato alla presentazione del libro Mala. Roma criminale, che vedr\u00e0 dialogare due protagonisti del giornalismo e della televisione italiana, Francesca Fagnani e Gigi Marzullo, con momenti musicali affidati a Roberto Ruocco.<\/p>\n<p data-is-last-node=\"\" data-is-only-node=\"\">Le immagini raccontano una Fagnani sorridente e disponibile, perfettamente a proprio agio tra la gente, confermando come il tratto distintivo della sua personalit\u00e0 resti proprio quella capacit\u00e0 di instaurare un rapporto diretto e spontaneo con il pubblico, ben prima dell&#8217;inizio dell&#8217;evento ufficiale.<\/p>\n<p><b>Se sei arrivato fino a qui<\/b>, significa che apprezzi il nostro impegno nel fornire notizie libere e accessibili a tutti.<\/p>\n<p>Per garantire un ambiente sicuro per i nostri lettori, abbiamo rimosso tutta la pubblicit\u00e0 invasiva, i cookie e i tracciamenti di terze parti.<\/p>\n<p>Tuttavia, per continuare a offrirti un&#8217;informazione di qualit\u00e0, il tuo aiuto \u00e8 fondamentale. Anche un piccolo contributo pu\u00f2 fare la differenza.<\/p>\n<p>Sostieni <b>Il Vescovado!<\/b><\/p>\n<p>Scegli il tuo contributo con <img loading=\"lazy\" decoding=\"async\" src=\"https:\/\/www.europesays.com\/it\/wp-content\/uploads\/2025\/07\/logo-paypal.webp.webp\" width=\"128\" height=\"33\" alt=\"\"\/><\/p>\n","protected":false},"excerpt":{"rendered":"L&#8217;empatia, quella capacit\u00e0 di entrare in sintonia con le persone che il pubblico le riconosce da sempre, si&hellip;\n","protected":false},"author":3,"featured_media":593152,"comment_status":"","ping_status":"","sticky":false,"template":"","format":"standard","meta":{"footnotes":"","_share_on_mastodon":"0"},"categories":[1451],"tags":[22444,22453,22456,8818,1621,1620,11693,200855,22454,6288,22457,203,626,22458,7889,204,1537,90,89,22451,22445,13750,15,477,22447,22450,22443,22452,22448,22446,22442,22455,13552,22441],"class_list":["post-593151","post","type-post","status-publish","format-standard","has-post-thumbnail","category-celebrita","tag-amalfi-news","tag-atrani","tag-attualit","tag-campania","tag-celebrita","tag-celebrities","tag-comunicazione","tag-costa-d39amalfi","tag-costa-di-amalfi","tag-costiera-amalfitana","tag-curiosit","tag-entertainment","tag-eventi","tag-il-vescovado","tag-informazione","tag-intrattenimento","tag-it","tag-italia","tag-italy","tag-maiori","tag-maiori-news","tag-minori","tag-notizie","tag-politica","tag-portale-online-della-costa-di-amalfi","tag-positano","tag-positano-news","tag-praiano","tag-provincia-di-salerno","tag-quotidiano-on-line","tag-ravello-news","tag-ricorrenze","tag-scala","tag-vescovado"],"share_on_mastodon":{"url":"","error":"Validation failed: Text character limit of 500 exceeded"},"_links":{"self":[{"href":"https:\/\/www.europesays.com\/it\/wp-json\/wp\/v2\/posts\/593151","targetHints":{"allow":["GET"]}}],"collection":[{"href":"https:\/\/www.europesays.com\/it\/wp-json\/wp\/v2\/posts"}],"about":[{"href":"https:\/\/www.europesays.com\/it\/wp-json\/wp\/v2\/types\/post"}],"author":[{"embeddable":true,"href":"https:\/\/www.europesays.com\/it\/wp-json\/wp\/v2\/users\/3"}],"replies":[{"embeddable":true,"href":"https:\/\/www.europesays.com\/it\/wp-json\/wp\/v2\/comments?post=593151"}],"version-history":[{"count":0,"href":"https:\/\/www.europesays.com\/it\/wp-json\/wp\/v2\/posts\/593151\/revisions"}],"wp:featuredmedia":[{"embeddable":true,"href":"https:\/\/www.europesays.com\/it\/wp-json\/wp\/v2\/media\/593152"}],"wp:attachment":[{"href":"https:\/\/www.europesays.com\/it\/wp-json\/wp\/v2\/media?parent=593151"}],"wp:term":[{"taxonomy":"category","embeddable":true,"href":"https:\/\/www.europesays.com\/it\/wp-json\/wp\/v2\/categories?post=593151"},{"taxonomy":"post_tag","embeddable":true,"href":"https:\/\/www.europesays.com\/it\/wp-json\/wp\/v2\/tags?post=593151"}],"curies":[{"name":"wp","href":"https:\/\/api.w.org\/{rel}","templated":true}]}}