{"id":593168,"date":"2026-07-20T02:15:19","date_gmt":"2026-07-20T02:15:19","guid":{"rendered":"https:\/\/www.europesays.com\/it\/593168\/"},"modified":"2026-07-20T02:15:19","modified_gmt":"2026-07-20T02:15:19","slug":"dopo-tante-sfide-da-avversaria-il-mondovi-volley-cala-lultimo-colpo-dalla2","status":"publish","type":"post","link":"https:\/\/www.europesays.com\/it\/593168\/","title":{"rendered":"Dopo tante sfide da avversaria, il Mondov\u00ec Volley cala l&#8217;ultimo colpo&#8230; dall&#8217;A2"},"content":{"rendered":"<p data-start=\"595\" data-end=\"1072\" class=\"PDq2pG_selectionAnchorContainer\">Il <strong>Mondov\u00ec Volley<\/strong> cala l&#8217;ultimo colpo di mercato e <strong>completa ufficialmente la rosa per la stagione 2026\/2<\/strong>7. A vestire la maglia rossobl\u00f9 sar\u00e0 <strong data-start=\"736\" data-end=\"757\">Martina Veneriano<\/strong>, centrale di grande esperienza, <strong>protagonista negli ultimi anni della Serie A2<\/strong> e avversaria abituale delle monregalesi. Ora, dopo tanti incroci dall&#8217;altra parte della rete, la giocatrice ligure \u00e8 pronta a diventare uno dei punti di riferimento della squadra guidata da Daniele Sciarrotta nel campionato di Serie A3.<\/p>\n<p><img loading=\"lazy\" decoding=\"async\" src=\"https:\/\/www.europesays.com\/it\/wp-content\/uploads\/2026\/07\/mondovi_volley-1784448009043.jpg\" alt=\"\" width=\"1200\" height=\"800\"\/><\/p>\n<p>Una carriera costruita tra promozioni e Serie A<\/p>\n<p data-start=\"1126\" data-end=\"1437\">Cresciuta pallavolisticamente ad<strong> Albisola<\/strong>, Martina Veneriano ha mosso i primi passi nella societ\u00e0 della sua citt\u00e0 prima di compiere il salto con la <strong data-start=\"1274\" data-end=\"1313\">Futura Volley Giovani Busto Arsizio<\/strong>. Qui ha conquistato una storica doppietta, centrando la promozione dalla B1 alla Serie A2 e la vittoria della Coppa Italia.<\/p>\n<p data-start=\"1439\" data-end=\"1774\">Con il club lombardo ha disputato anche le due stagioni successive in A2, prima di trasferirsi ad <strong>Albese<\/strong>, dove \u00e8 rimasta per quattro campionati, indossando la <strong>fascia di capitano per tre stagioni<\/strong>. Nell&#8217;ultimo campionato ha difeso i colori della <strong>Pallavolo Concorezzo<\/strong>, confermandosi come una delle centrali pi\u00f9 affidabili della categoria.<\/p>\n<p><img loading=\"lazy\" decoding=\"async\" src=\"https:\/\/www.europesays.com\/it\/wp-content\/uploads\/2026\/07\/mondovi_volley_3-1784448028494.jpg\" alt=\"\" width=\"1200\" height=\"796\"\/><\/p>\n<p>Rubado: &#8220;Una coppia di centrali che molti ci invidieranno&#8221;<\/p>\n<p data-start=\"1839\" data-end=\"1984\">Grande soddisfazione nelle parole del direttore sportivo <strong data-start=\"1896\" data-end=\"1910\">Max Rubado<\/strong>, che sottolinea come l&#8217;approdo di Veneriano sia stato inseguito da tempo.<\/p>\n<blockquote data-start=\"1986\" data-end=\"2392\"><p>&#13;<\/p>\n<p data-start=\"1988\" data-end=\"2392\">&#8220;Non \u00e8 la prima volta che abbiamo avuto un contatto per portare Martina a Mondov\u00ec; quest&#8217;anno ce l&#8217;abbiamo fatta e siamo molto soddisfatti di averla, dopo tante sfide da avversaria, dalla nostra parte della rete. Con Aliberti former\u00e0 una coppia di centrali che molte squadre ci invidieranno. Insieme dovranno fare da &#8220;chioccia&#8221; al nostro gruppo, portando l&#8217;esperienza maturata nei campionati di Serie A.&#8221;<\/p>\n<p>&#13;\n<\/p><\/blockquote>\n<p>Veneriano: &#8220;Ho sempre ammirato questa societ\u00e0&#8221;<\/p>\n<p data-start=\"2445\" data-end=\"2518\">Entusiasmo anche nelle prime dichiarazioni della nuova centrale rossobl\u00f9.<\/p>\n<blockquote data-start=\"2520\" data-end=\"2951\"><p>&#13;<\/p>\n<p data-start=\"2522\" data-end=\"2951\">&#8220;Negli ultimi anni il mio percorso e quello di Mondov\u00ec si sono incrociati tantissime volte, separati da una rete. Nonostante ci\u00f2 ho sempre ammirato questa societ\u00e0, vista la sua reputazione di realt\u00e0 solida, seria e strutturata, dove si respira pallavolo di altissimo livello. Sono estremamente contenta di poter entrare nelle fila di Mondov\u00ec e far\u00f2 del mio meglio per contribuire al raggiungimento degli obiettivi della societ\u00e0.&#8221;<\/p>\n<p>&#13;\n<\/p><\/blockquote>\n<p data-start=\"2953\" data-end=\"3012\">La giocatrice guarda poi con curiosit\u00e0 al nuovo campionato.<\/p>\n<blockquote data-start=\"3014\" data-end=\"3212\"><p>&#13;<\/p>\n<p data-start=\"3016\" data-end=\"3212\">&#8220;L&#8217;A3 \u00e8 un torneo nuovo, di alto livello e tutto da scoprire. Soltanto il campo ci dir\u00e0 dove potremo arrivare, ma sono certa che lavoreremo duramente per esprimere la miglior pallavolo possibile.&#8221;<\/p>\n<p>&#13;\n<\/p><\/blockquote>\n<p>Mondov\u00ec Volley completa il roster 2026\/27<\/p>\n<p data-start=\"3260\" data-end=\"3468\">Con l&#8217;ingaggio di Martina Veneriano il Mondov\u00ec Volley chiude ufficialmente il mercato, completando una rosa che punta a coniugare esperienza e giovani di prospettiva in vista della prima stagione in Serie A3.<\/p>\n<p data-start=\"3470\" data-end=\"3542\">Le 14 giocatrici a disposizione di coach <strong data-start=\"3511\" data-end=\"3533\">Daniele Sciarrotta<\/strong> saranno:<\/p>\n<p data-start=\"3544\" data-end=\"3599\"><strong data-start=\"3544\" data-end=\"3563\">Palleggiatrici:<\/strong> Valentina Brandi, Matilde Rostagno.<\/p>\n<p data-start=\"3601\" data-end=\"3650\"><strong data-start=\"3601\" data-end=\"3613\">Opposti:<\/strong> Maria Sofia Barbaro, Petra Di Blasi.<\/p>\n<p data-start=\"3652\" data-end=\"3750\"><strong data-start=\"3652\" data-end=\"3671\">Schiacciatrici:<\/strong> Sofia Cusma, Vivien Di Diego, Emma Cantamessi, Anna Sclavo, Simona Sciarrotta.<\/p>\n<p data-start=\"3752\" data-end=\"3817\"><strong data-start=\"3752\" data-end=\"3765\">Centrali:<\/strong> Anna Aliberti, Martina Veneriano, Melissa Mattioli.<\/p>\n<p data-start=\"3819\" data-end=\"3861\"><strong data-start=\"3819\" data-end=\"3830\">Liberi:<\/strong> Michelle Gueli, Anna Imarisio.<\/p>\n","protected":false},"excerpt":{"rendered":"Il Mondov\u00ec Volley cala l&#8217;ultimo colpo di mercato e completa ufficialmente la rosa per la stagione 2026\/27. A&hellip;\n","protected":false},"author":3,"featured_media":593169,"comment_status":"","ping_status":"","sticky":false,"template":"","format":"standard","meta":{"footnotes":"","_share_on_mastodon":"0"},"categories":[1474],"tags":[327111,112902,5006,275487,302108,1537,90,89,94695,290888,8599,314516,200645,245,244,1869],"class_list":["post-593168","post","type-post","status-publish","format-standard","has-post-thumbnail","category-volley","tag-albisola","tag-anna-aliberti","tag-coppa-italia","tag-daniele-sciarrotta","tag-futura-volley-giovani-busto-arsizio","tag-it","tag-italia","tag-italy","tag-martina-veneriano","tag-max-rubado","tag-mondovi-volley","tag-pallavolo-concorezzo","tag-serie-a3","tag-sport","tag-sports","tag-volley"],"share_on_mastodon":{"url":"https:\/\/pubeurope.com\/@it\/116949898807419594","error":""},"_links":{"self":[{"href":"https:\/\/www.europesays.com\/it\/wp-json\/wp\/v2\/posts\/593168","targetHints":{"allow":["GET"]}}],"collection":[{"href":"https:\/\/www.europesays.com\/it\/wp-json\/wp\/v2\/posts"}],"about":[{"href":"https:\/\/www.europesays.com\/it\/wp-json\/wp\/v2\/types\/post"}],"author":[{"embeddable":true,"href":"https:\/\/www.europesays.com\/it\/wp-json\/wp\/v2\/users\/3"}],"replies":[{"embeddable":true,"href":"https:\/\/www.europesays.com\/it\/wp-json\/wp\/v2\/comments?post=593168"}],"version-history":[{"count":0,"href":"https:\/\/www.europesays.com\/it\/wp-json\/wp\/v2\/posts\/593168\/revisions"}],"wp:featuredmedia":[{"embeddable":true,"href":"https:\/\/www.europesays.com\/it\/wp-json\/wp\/v2\/media\/593169"}],"wp:attachment":[{"href":"https:\/\/www.europesays.com\/it\/wp-json\/wp\/v2\/media?parent=593168"}],"wp:term":[{"taxonomy":"category","embeddable":true,"href":"https:\/\/www.europesays.com\/it\/wp-json\/wp\/v2\/categories?post=593168"},{"taxonomy":"post_tag","embeddable":true,"href":"https:\/\/www.europesays.com\/it\/wp-json\/wp\/v2\/tags?post=593168"}],"curies":[{"name":"wp","href":"https:\/\/api.w.org\/{rel}","templated":true}]}}