{"id":593196,"date":"2026-07-20T02:48:12","date_gmt":"2026-07-20T02:48:12","guid":{"rendered":"https:\/\/www.europesays.com\/it\/593196\/"},"modified":"2026-07-20T02:48:12","modified_gmt":"2026-07-20T02:48:12","slug":"pasquini-tvb-bene-il-canale-della-lega-per-le-partite-del-campionato-manca-leffetto-nazionali-come-accade-nel-volley","status":"publish","type":"post","link":"https:\/\/www.europesays.com\/it\/593196\/","title":{"rendered":"Pasquini, Tvb: \u00abBene il canale della lega per le partite del campionato, manca l&#8217;effetto nazionali come accade nel volley\u00bb"},"content":{"rendered":"<p><a href=\"https:\/\/www.ilgazzettino.it\/t\/treviso\" rel=\"nofollow noopener\" target=\"_blank\">TREVISO<\/a>\u00a0&#8211; Lba Tv, la piattaforma ufficiale della Lega <strong><a href=\"https:\/\/www.ilgazzettino.it\/t\/basket\" rel=\"nofollow noopener\" target=\"_blank\">Basket<\/a><\/strong> Serie A, \u00e8 nata ufficialmente il 23 settembre 2025. Il progetto, realizzato in partnership quinquennale con Deltatre e nato per volont\u00e0 della Lega a seguito della mancanza di accordi con le tradizionali piattaforme Ott, ha lo scopo di trasmettere in streaming tutte le 240 partite della stagione regolare, dei playoff e della Supercoppa, al costo di 99 euro. Oltre a ci\u00f2 contenuti originali e d\u2019archivio e uno storytelling continuo (&#8220;Game Day, Every Day&#8221;).<\/p>\n<p>L\u2019allora neoeletto Presidente Lba Maurizio Gherardini ebbe a dire: \u00abAbbiamo ritenuto che il modello seguito in questi anni fosse ormai superato e che fosse necessario percorrere una strada diversa anticipando i tempi. Siamo convinti che questo sia il futuro dello sport con le Leghe e i suoi club protagonisti, capaci di distribuire direttamente sul mercato il proprio prodotto. Tutto con l\u2019obiettivo di garantire un futuro sempre pi\u00f9 solido al basket italiano di vertice e ai suoi club con un investimento finalizzato ad ottenere con il tempo maggiori ricavi trovando un nuovo e diverso equilibrio economico\u00bb.  <\/p>\n<p>IL NODO <\/p>\n<p>Lba Tv e Sky Sport oggi, a parte qualche estemporaneo passaggio in chiaro su Cielo, rappresentano il modo con il quale gli appassionati possono seguire la pallacanestro italiana. E\u2019 sufficiente? \u00c8 soddisfacente? Paragonando l\u2019esposizione non tanto del calcio quanto della vera rivale, cio\u00e8 la pallavolo, la cui offerta \u00e8 divisa tra Rai, Dazn, Sky Sport e canali ufficiali di Lega, sembra di no. Federico Pasquini, giemme di Treviso Basket, la vede in questa maniera: \u00abSarebbe un discorso molto lungo. Onestamente parlando credo che delle nazionali come quelli di volley, maschile e femminile, che trainano come hanno fatto negli anni, costituiscano un grandissimo vantaggio. Basta vedere quello che sta succedendo nel calcio: il fatto di non riuscire pi\u00f9 ad andare ai Mondiali fa pensare a quella che potrebbe essere la risposta pi\u00f9 logica. Io penso che tanti fattori potrebbero essere sistemati, bisognerebbe fare in modo che la pallacanestro possa avere comunque dei ritorni; una volta raggiunto questo obiettivo allora puoi iniziare a fare dei progetti\u00bb.  <\/p>\n<p><strong>LA SVOLTA<\/strong> <\/p>\n<p>Lba Tv ha un discreto seguito, ma probabilmente per sponsor e proprietari non rappresenta quella visibilit\u00e0 che invece oggi sarebbe auspicabile: \u00ab\u00c8 normale che un passo dovesse essere fatto, com\u2019\u00e8 normale che si stia andando verso una certa direzione. Direi comunque che stiamo parlando di qualcosa che logicamente ha bisogno di un po\u2019 tempo per assestarsi, la gente si deve abituare ad un certo tipo di servizio, ad un prodotto di tale genere. E questo normalmente non succede dall\u2019oggi al domani. Io credo che tutto sommato con Lba Tv sia stato creato un buon servizio e sono anche convinto che possa diventare una strada importante, per\u00f2 poi siamo sempre l\u00ec: \u00e8 tutto il sistema che deve portare la gente a vedere la pallacanestro\u00bb. Pasquini poi ammette una cosa: non ha rimpianti nel non avere pi\u00f9 il basket trasmesso in chiaro: \u00abNon lo rimpiango, nel senso che io preferisco vedere tutto, questo per me resta l\u2019aspetto pi\u00f9 importante. Mi rendo perfettamente conto che la pallacanestro in chiaro \u00e8 quella che ti pu\u00f2 portare all\u2019interno del tessuto generale, dove anche chi non conosce questo sport inizia ad appassionarsi, mentre quello che esiste oggi sembra un po\u2019 di nicchia, ma qui bisognerebbe iniziare a fare un ragionamento basato prettamente sui numeri, \u00e8 come giocare in piazza o dentro una palestra\u00bb.  <\/p>\n","protected":false},"excerpt":{"rendered":"TREVISO\u00a0&#8211; Lba Tv, la piattaforma ufficiale della Lega Basket Serie A, \u00e8 nata ufficialmente il 23 settembre 2025.&hellip;\n","protected":false},"author":3,"featured_media":593197,"comment_status":"","ping_status":"","sticky":false,"template":"","format":"standard","meta":{"footnotes":"","_share_on_mastodon":"0"},"categories":[1453],"tags":[1756,1757,1537,90,89,1654,327117,245,244,1869],"class_list":["post-593196","post","type-post","status-publish","format-standard","has-post-thumbnail","category-basket","tag-basket","tag-basketball","tag-it","tag-italia","tag-italy","tag-nazionali","tag-pasquini","tag-sport","tag-sports","tag-volley"],"share_on_mastodon":{"url":"https:\/\/pubeurope.com\/@it\/116950027853886275","error":""},"_links":{"self":[{"href":"https:\/\/www.europesays.com\/it\/wp-json\/wp\/v2\/posts\/593196","targetHints":{"allow":["GET"]}}],"collection":[{"href":"https:\/\/www.europesays.com\/it\/wp-json\/wp\/v2\/posts"}],"about":[{"href":"https:\/\/www.europesays.com\/it\/wp-json\/wp\/v2\/types\/post"}],"author":[{"embeddable":true,"href":"https:\/\/www.europesays.com\/it\/wp-json\/wp\/v2\/users\/3"}],"replies":[{"embeddable":true,"href":"https:\/\/www.europesays.com\/it\/wp-json\/wp\/v2\/comments?post=593196"}],"version-history":[{"count":0,"href":"https:\/\/www.europesays.com\/it\/wp-json\/wp\/v2\/posts\/593196\/revisions"}],"wp:featuredmedia":[{"embeddable":true,"href":"https:\/\/www.europesays.com\/it\/wp-json\/wp\/v2\/media\/593197"}],"wp:attachment":[{"href":"https:\/\/www.europesays.com\/it\/wp-json\/wp\/v2\/media?parent=593196"}],"wp:term":[{"taxonomy":"category","embeddable":true,"href":"https:\/\/www.europesays.com\/it\/wp-json\/wp\/v2\/categories?post=593196"},{"taxonomy":"post_tag","embeddable":true,"href":"https:\/\/www.europesays.com\/it\/wp-json\/wp\/v2\/tags?post=593196"}],"curies":[{"name":"wp","href":"https:\/\/api.w.org\/{rel}","templated":true}]}}