{"id":593198,"date":"2026-07-20T02:49:18","date_gmt":"2026-07-20T02:49:18","guid":{"rendered":"https:\/\/www.europesays.com\/it\/593198\/"},"modified":"2026-07-20T02:49:18","modified_gmt":"2026-07-20T02:49:18","slug":"inter-ausilio-raggiunge-chivu-in-ritiro","status":"publish","type":"post","link":"https:\/\/www.europesays.com\/it\/593198\/","title":{"rendered":"Inter: Ausilio raggiunge Chivu in ritiro"},"content":{"rendered":"<p>                                Anche il dirigente nerazzurro raggiunge la squadra in Germania. Priorit\u00e0 all&#8217;esterno destro e a due difensori\u00a0<\/p>\n<p class=\"paragraph\" spellcheck=\"true\">Manca soltanto il presidente Beppe Marotta, ma arriver\u00e0 anche lui. E Donaueschingen non \u00e8 mai stata cos\u00ec nerazzurra. L\u2019Inter prosegue il ritiro in Germania e oggi anche il direttore sportivo ha raggiunto la squadra e il suo vice Dario Baccin. Il dirigente \u00e8 arrivato nel pomeriggio nel resort che ospita Barella e compagni e dopo un passaggio in camera \u00e8 uscito col golf kart per un rapido sopralluogo al campo di allenamento. Al momento del rientro in hotel \u00e8 stato anche lui fermato dai tifosi, presenti oggi che \u00e8 domenica in maniera maggiore rispetto ai giorni scorsi, e si \u00e8 fermato per foto e autografi.<\/p>\n<p>        il mercato parla tedesco\u2014 \u00a0<\/p>\n<p class=\"paragraph\" spellcheck=\"true\">Ausilio insomma si \u00e8 immerso subito nell\u2019atmosfera del ritiro e ora \u00e8 da qui che potr\u00e0 dialogare col suo allenatore sulle tematiche di mercato. L\u2019hanno sempre fatto ma ora il contatto diretto tra l\u2019anima sportiva e quella che deve definire trattative e colpi pu\u00f2 far entrare ancora pi\u00f9 nel vivo un mercato dal quale l\u2019Inter aspetta un esterno destro e un paio di difensori. Nel primo faldone il nome in cima alla lista resta quello di Djed Spence per il quale l\u2019Inter potrebbe spingersi sui 30\/35 milioni, una via di mezzo tra l\u2019investimento grosso pensato per Palestra e quello da 25 che aveva fatto chiudere ai nerazzurri l\u2019operazione Khalaili poi saltata al momento delle visite mediche. Un club come l\u2019Inter \u00e8 chiaro che non ha un solo profilo sul tavolo e le altre piste restano l\u00ec, da Vanderson del Monaco a Read del Feyenoord. La societ\u00e0 comunque resta sempre vigile su qualsiasi opportunit\u00e0 si possa palesare, sempre in equilibrio tra la voglia di tenersi lontano da qualsiasi tipo di frenesia e una inevitabile cautela. Per la difesa invece, al di l\u00e0 dell&#8217;opzione permanenza di Pavard che non \u00e8 utopia, resiste la suggestione John Stones. Quello del 32enne svincolato non \u00e8 proprio l\u2019identikit del rinforzo pi\u00f9 in linea con la visione di Oaktree &#8211; per et\u00e0 e per ingaggio, salvo ridimensionamenti del giocatore &#8211; ma in questo momento non si pu\u00f2 escludere che determinate valutazioni, in una fase di attese come questa, possano portare la propriet\u00e0 a fare un\u2019eccezione. Vedremo. Il mercato dell&#8217;Inter comunque ora inizia a parlare tedesco.<\/p>\n","protected":false},"excerpt":{"rendered":"Anche il dirigente nerazzurro raggiunge la squadra in Germania. Priorit\u00e0 all&#8217;esterno destro e a due difensori\u00a0 Manca soltanto&hellip;\n","protected":false},"author":3,"featured_media":593199,"comment_status":"","ping_status":"","sticky":false,"template":"","format":"standard","meta":{"footnotes":"","_share_on_mastodon":"0"},"categories":[1452],"tags":[1548,327118,28828,721,3257,4973,2283,3073,30328,5739,1740,3044,350,1537,90,89,1412,22221,14522,50599,1434,1738,1739,321788,245,244,1857,99202,8233,15288],"class_list":["post-593198","post","type-post","status-publish","format-standard","has-post-thumbnail","category-calcio","tag-allenamento","tag-allenamento-rientro","tag-ausilio","tag-calcio","tag-destro","tag-difensori","tag-dirigente","tag-esterno","tag-esterno-destro","tag-fermato","tag-football","tag-germania","tag-inter","tag-it","tag-italia","tag-italy","tag-mercato","tag-mercato-inter","tag-qualsiasi","tag-raggiunge","tag-resta","tag-ritiro","tag-soccer","tag-spence","tag-sport","tag-sports","tag-squadra","tag-stones","tag-tedesco","tag-vivo"],"share_on_mastodon":{"url":"https:\/\/pubeurope.com\/@it\/116950031849630450","error":""},"_links":{"self":[{"href":"https:\/\/www.europesays.com\/it\/wp-json\/wp\/v2\/posts\/593198","targetHints":{"allow":["GET"]}}],"collection":[{"href":"https:\/\/www.europesays.com\/it\/wp-json\/wp\/v2\/posts"}],"about":[{"href":"https:\/\/www.europesays.com\/it\/wp-json\/wp\/v2\/types\/post"}],"author":[{"embeddable":true,"href":"https:\/\/www.europesays.com\/it\/wp-json\/wp\/v2\/users\/3"}],"replies":[{"embeddable":true,"href":"https:\/\/www.europesays.com\/it\/wp-json\/wp\/v2\/comments?post=593198"}],"version-history":[{"count":0,"href":"https:\/\/www.europesays.com\/it\/wp-json\/wp\/v2\/posts\/593198\/revisions"}],"wp:featuredmedia":[{"embeddable":true,"href":"https:\/\/www.europesays.com\/it\/wp-json\/wp\/v2\/media\/593199"}],"wp:attachment":[{"href":"https:\/\/www.europesays.com\/it\/wp-json\/wp\/v2\/media?parent=593198"}],"wp:term":[{"taxonomy":"category","embeddable":true,"href":"https:\/\/www.europesays.com\/it\/wp-json\/wp\/v2\/categories?post=593198"},{"taxonomy":"post_tag","embeddable":true,"href":"https:\/\/www.europesays.com\/it\/wp-json\/wp\/v2\/tags?post=593198"}],"curies":[{"name":"wp","href":"https:\/\/api.w.org\/{rel}","templated":true}]}}