{"id":593349,"date":"2026-07-20T06:21:13","date_gmt":"2026-07-20T06:21:13","guid":{"rendered":"https:\/\/www.europesays.com\/it\/593349\/"},"modified":"2026-07-20T06:21:13","modified_gmt":"2026-07-20T06:21:13","slug":"la-ciclabile-anche-per-il-mondiale","status":"publish","type":"post","link":"https:\/\/www.europesays.com\/it\/593349\/","title":{"rendered":"\u00abLa ciclabile anche per il Mondiale\u00bb"},"content":{"rendered":"<p>SAN MARTINO DEL LAGO &#8211;\u00a0<strong>Una ciclabile per connettere San Martino del Lago e Cingia de&#8217; Botti<\/strong>: questa una delle proposte che i <strong>consiglieri regionali cremonesi Marcello Ventura, Matteo Piloni e Riccardo Vitari<\/strong> hanno presentato insieme al prossimo <strong>assestamento di bilancio<\/strong> in Regione la cui discussione inizier\u00e0 marted\u00ec in consiglio regionale.<\/p>\n<p>\u00abNon si tratta solo di realizzare un&#8217;opera viabilistica, ma di un intervento strategico per <strong>migliorare l&#8217;accessibilit\u00e0 e l&#8217;attrattivit\u00e0 del territorio casalasco<\/strong>. A San Martino del Lago \u00e8 infatti presente un&#8217;infrastruttura di rilievo nazionale e internazionale, il <strong>Cremona Circuit<\/strong>, uno tra i pochi autodromi italiani omologati per ospitare competizioni del <strong>Campionato Mondiale Superbike<\/strong> e dotata di una <strong>pista kart omologata per competizioni di livello europeo<\/strong>, capace di richiamare ogni anno un significativo numero di visitatori, appassionati e operatori del settore\u00bb, spiegano i consiglieri.<\/p>\n<p>\u00abLa nostra richiesta nasce anche da un&#8217;esigenza concreta. Durante le gare del <strong>Campionato Mondiale Superbike<\/strong>, infatti, la <strong>strada provinciale viene chiusa<\/strong> per ragioni di sicurezza e per consentire una migliore gestione degli accessi al circuito. La realizzazione di un <strong>percorso ciclopedonale<\/strong> consentirebbe di garantire un <strong>collegamento sicuro tra San Martino del Lago e Cingia de&#8217; Botti<\/strong>, offrendo un&#8217;<strong>alternativa sostenibile<\/strong> per cittadini, lavoratori e visitatori anche nei momenti di maggiore afflusso\u00bb, sottolineano i tre consiglieri.<\/p>\n<p>\u00abL&#8217;intervento si inserisce inoltre in una pi\u00f9 ampia strategia di sviluppo territoriale. <strong>La proposta di realizzare una ciclabile tra San Martino del Lago e Cingia de&#8217; Botti<\/strong> \u00e8 pienamente coerente con gli obiettivi dell&#8217;<strong>Accordo Quadro di Sviluppo Territoriale (Aqst) dell&#8217;Area Oglio Po Chiese<\/strong>, seguito da <strong>Gal Oglio Po<\/strong> e sostenuto da tutti i Sindaci, che individua tra le proprie priorit\u00e0 il <strong>potenziamento della mobilit\u00e0 lenta<\/strong>, il <strong>miglioramento dell&#8217;accessibilit\u00e0<\/strong> e la <strong>valorizzazione del territorio<\/strong>.<\/p>\n<p>\u00abCon questo intervento non parliamo soltanto di una <strong>pista ciclopedonale<\/strong>, ma di un <strong>investimento sulla sicurezza<\/strong>, sulla <strong>qualit\u00e0 dei collegamenti<\/strong> e sulla <strong>competitivit\u00e0 del Casalasco<\/strong>. <strong>Migliorare l&#8217;accessibilit\u00e0 al Cremona Circuit<\/strong> significa sostenere lo <strong>sviluppo dell&#8217;intero comprensorio<\/strong>, creando opportunit\u00e0 per cittadini, imprese e attivit\u00e0 commerciali. \u00c8 un&#8217;opera che guarda al futuro e che risponde alle esigenze di un territorio che ha bisogno di crescere e valorizzare la propria attrattivit\u00e0\u00bb, concludono i tre consiglieri.<\/p>\n<p>    <a href=\"https:\/\/www.laprovinciacr.it\/news\/cronaca\/582517\/una-ciclabile-fino-al-cremona-circuit.html?utm_source=VCMS_correlati\" class=\"vc_cont_image\" rel=\"nofollow noopener\" target=\"_blank\"><img decoding=\"async\" class=\"vc_image\" src=\"https:\/\/www.europesays.com\/it\/wp-content\/uploads\/2026\/07\/3006-CremoCas17_A0hgcnjadgfb,ph01-1782758715141.jpg--una_ciclabile_fino_al_cremona_circuit.jpg\"\/><\/a><\/p>\n","protected":false},"excerpt":{"rendered":"SAN MARTINO DEL LAGO &#8211;\u00a0Una ciclabile per connettere San Martino del Lago e Cingia de&#8217; Botti: questa una&hellip;\n","protected":false},"author":3,"featured_media":593350,"comment_status":"","ping_status":"","sticky":false,"template":"","format":"standard","meta":{"footnotes":"","_share_on_mastodon":"0"},"categories":[1456],"tags":[327173,327172,327171,1824,310883,75867,1825,80933,1537,90,89,327168,327169,327170,80931,245,244],"class_list":["post-593349","post","type-post","status-publish","format-standard","has-post-thumbnail","category-ciclismo","tag-accordo-quadro-di-sviluppo-territoriale","tag-area-oglio-po-chiese","tag-campionato-mondiale-superbike","tag-ciclismo","tag-cingia-de-botti","tag-cremona-circuit","tag-cycling","tag-gal-oglio-po","tag-it","tag-italia","tag-italy","tag-marcello-ventura","tag-matteo-piloni","tag-riccardo-vitari","tag-san-martino-del-lago","tag-sport","tag-sports"],"share_on_mastodon":{"url":"https:\/\/pubeurope.com\/@it\/116950866294278448","error":""},"_links":{"self":[{"href":"https:\/\/www.europesays.com\/it\/wp-json\/wp\/v2\/posts\/593349","targetHints":{"allow":["GET"]}}],"collection":[{"href":"https:\/\/www.europesays.com\/it\/wp-json\/wp\/v2\/posts"}],"about":[{"href":"https:\/\/www.europesays.com\/it\/wp-json\/wp\/v2\/types\/post"}],"author":[{"embeddable":true,"href":"https:\/\/www.europesays.com\/it\/wp-json\/wp\/v2\/users\/3"}],"replies":[{"embeddable":true,"href":"https:\/\/www.europesays.com\/it\/wp-json\/wp\/v2\/comments?post=593349"}],"version-history":[{"count":0,"href":"https:\/\/www.europesays.com\/it\/wp-json\/wp\/v2\/posts\/593349\/revisions"}],"wp:featuredmedia":[{"embeddable":true,"href":"https:\/\/www.europesays.com\/it\/wp-json\/wp\/v2\/media\/593350"}],"wp:attachment":[{"href":"https:\/\/www.europesays.com\/it\/wp-json\/wp\/v2\/media?parent=593349"}],"wp:term":[{"taxonomy":"category","embeddable":true,"href":"https:\/\/www.europesays.com\/it\/wp-json\/wp\/v2\/categories?post=593349"},{"taxonomy":"post_tag","embeddable":true,"href":"https:\/\/www.europesays.com\/it\/wp-json\/wp\/v2\/tags?post=593349"}],"curies":[{"name":"wp","href":"https:\/\/api.w.org\/{rel}","templated":true}]}}