{"id":593367,"date":"2026-07-20T06:45:29","date_gmt":"2026-07-20T06:45:29","guid":{"rendered":"https:\/\/www.europesays.com\/it\/593367\/"},"modified":"2026-07-20T06:45:29","modified_gmt":"2026-07-20T06:45:29","slug":"sport-basket-shark-radiata-dalla-fip","status":"publish","type":"post","link":"https:\/\/www.europesays.com\/it\/593367\/","title":{"rendered":"Sport: Basket, Shark radiata dalla FIP"},"content":{"rendered":"<p>\t\t\t\t\t\t\t\t\t\t\t<a href=\"https:\/\/www.europesays.com\/it\/wp-content\/uploads\/2026\/07\/sport-basket-shark-radiata-dalla-fip-volley-ecco-le-avversarie-del-marsala-in-a2-450.jpg\" data-lightbox=\"gallery\" data-title=\"Zoom\"><br \/>\n\t\t\t\t\t\t\t\t\t\t\t\t\t\t\t\t\t\t\t\t\t\t\t\t\t\t<img decoding=\"async\" src=\"https:\/\/www.europesays.com\/it\/wp-content\/uploads\/2026\/07\/sport-basket-shark-radiata-dalla-fip-volley-ecco-le-avversarie-del-marsala-in-a2-450.jpg\" alt=\"https:\/\/www.europesays.com\/it\/wp-content\/uploads\/2026\/07\/sport-basket-shark-radiata-dalla-fip-volley-ecco-le-avversarie-del-marsala-in-a2-450.jpg\" title=\"https:\/\/www.europesays.com\/it\/wp-content\/uploads\/2026\/07\/sport-basket-shark-radiata-dalla-fip-volley-ecco-le-avversarie-del-marsala-in-a2-450.jpg\" style=\"float:left; padding: 7px 0px 0px 0px;\" class=\"resize-img\" \/><br \/>\n\t\t\t\t\t\t\t\t\t\t\t<\/a><\/p>\n<p><strong>Basket A1 Maschile: l<\/strong>a Trapani Shark \u00e8 stata ufficialmente radiata dalla FIP. Il Consiglio Federale ha revocato l&#8217;affiliazione al club presieduto da Valerio Antonini a causa del mancato pagamento di quattro lodi arbitrali, riguardanti debiti verso un agente e due ex tesserati. La delibera prescinde dalle precedenti sanzioni disciplinari che avevano segnato la travagliata stagione granata. Il provvedimento chiude, salvo ricorsi alla Giunta Nazionale del CONI (presentabili entro 30 giorni), la presenza della societ\u00e0 nel panorama cestistico nazionale, epilogo di un\u2019annata vissuta tra contenziosi e esclusioni.<\/p>\n<p><img decoding=\"async\" width=\"630px\" height=\"100%\" style=\"aspect-ratio:800\/533;\" src=\"https:\/\/www.europesays.com\/it\/wp-content\/uploads\/2026\/07\/1784485237.jpg\" \/><\/p>\n<p><strong>Basket A2 femminile:<\/strong> la Golfo Basket Woman Alcamo scalda i motori per il prossimo campionato di A2, forte di un progetto che punta a dare continuit\u00e0 ai risultati positivi della scorsa stagione. Il presidente Francesco Dixit Dominus ha confermato in blocco lo staff tecnico, arricchito dall&#8217;ex capitano Anna Caliendo nel ruolo di assistente allenatore. Il roster vedr\u00e0 il ritorno di pedine chiave come Elena Vella e Francesca Russo, affiancate da nuovi innesti di qualit\u00e0 come Rosa Cupido e Nogaye Lo Sylla. Un mix di esperienza e freschezza per puntare a un campionato di alta classifica.<\/p>\n<p>     <img decoding=\"async\" width=\"630px\" height=\"100%\" style=\"aspect-ratio:1024\/1280;\" src=\"https:\/\/www.europesays.com\/it\/wp-content\/uploads\/2026\/07\/1784484518.jpg\" \/><\/p>\n<p><strong>Volley A2 femminile:<\/strong> il Marsala Volley \u00e8 ufficialmente ai nastri di partenza del campionato di Serie A2 Fineco 2026\/27. La Lega ha confermato l&#8217;iscrizione delle 17 formazioni partecipanti, tra cui la compagine lilibetana che rappresenter\u00e0 la Sicilia insieme al Messina in un torneo altamente competitivo. Il via \u00e8 previsto per il weekend del 4-5 ottobre, con una stagione regolare da 32 incontri che decreter\u00e0 le protagoniste dei playoff verso l&#8217;A1. Il Marsala si prepara a vivere un&#8217;annata intensa, puntando a consolidarsi in un panorama pallavolistico nazionale di altissimo livello.<\/p>\n<p><img decoding=\"async\" width=\"630px\" height=\"100%\" style=\"aspect-ratio:1333\/2000;\" src=\"https:\/\/www.europesays.com\/it\/wp-content\/uploads\/2026\/07\/1784484594.jpeg\" \/><\/p>\n<p><strong>Basket 3X3:<\/strong> Erice si \u00e8 confermata capitale del basket 3X3 con la quinta edizione del &#8220;BomGround 2026&#8221;, tappa top del circuito nazionale Estath\u00e9. La manifestazione ha trasformato il Clomy Club in un&#8217;arena vibrante, ospitando gare per tutte le categorie fino alla serata conclusiva del 18 luglio. Oltre al grande spettacolo tecnico offerto dalle migliori squadre siciliane, l&#8217;evento ha riservato un momento di profonda commozione con il torneo femminile dedicato a Michela Tartamella, ricordata per il suo indelebile contributo alla crescita della pallacanestro femminile nel territorio trapanese. Foto della scorsa edizione.<\/p>\n<p>\t\t\t\t\t<img decoding=\"async\" width=\"630px\" height=\"100%\" style=\"aspect-ratio:2188\/1459;\" src=\"https:\/\/www.europesays.com\/it\/wp-content\/uploads\/2026\/07\/1784484734.jpg\" \/><\/p>\n<p><strong>Calcio serie D: <\/strong>la Corte Federale d\u2019Appello ha respinto il ricorso del Trapani Calcio, confermando la penalizzazione di cinque punti e l&#8217;ammenda di 1.500 euro inflitte per violazioni amministrative. Il provvedimento, scaturito dai controlli della Commissione indipendente sulla sostenibilit\u00e0 dei conti, resta dunque integralmente valido per la prossima stagione sportiva. Si tratta di una nuova battuta d\u2019arresto legale per la gestione del patron Valerio Antonini, confermando le difficolt\u00e0 del club nel superare le sanzioni legate alla regolarit\u00e0 dei parametri economico-finanziari richiesti per i professionisti.<\/p>\n<p><img decoding=\"async\" width=\"630px\" height=\"100%\" style=\"aspect-ratio:600\/363;\" src=\"https:\/\/www.europesays.com\/it\/wp-content\/uploads\/2026\/07\/1784484962.jpg\" \/><\/p>\n<p><strong>Calcio Eccellenza: <\/strong>il Marsala 1912 prosegue il mercato con l&#8217;obiettivo Serie D. Il DS Schio ha blindato Dennis Brasolin e registrato il ritorno tra i pali del giovane Flavio Manna, puntando su innesti prospettici come Cracchiolo e Sinacori per supportare la visione di mister Giannusa. Resta per\u00f2 cruciale il nodo stadio: il club attende dall&#8217;amministrazione una concessione pluriennale per il &#8220;Lombardo Angotta&#8221;, condizione necessaria per programmare investimenti strutturali e adeguare l&#8217;impianto a categorie superiori. La societ\u00e0 cerca certezze per trasformare le ambizioni in una realt\u00e0 solida.<\/p>\n<p><img decoding=\"async\" width=\"630px\" height=\"100%\" style=\"aspect-ratio:1600\/1358;\" src=\"https:\/\/www.europesays.com\/it\/wp-content\/uploads\/2026\/07\/1784485084.jpeg\" \/><\/p>\n<p><strong>Danza Sportiva: <\/strong>successo siciliano ai Campionati Italiani FIDESM 2026 di Rimini. Antonio Diliberto ed Elena Puntrello hanno conquistato il 3\u00b0 posto nella categoria 10 Balli Amatori Classe B1, ottenendo la promozione in Classe A. Il prestigioso risultato, ottenuto sotto la guida della scuola &#8220;Dancing for a Dream&#8221; dei maestri Cecinati e Messina Denaro, premia anni di dedizione e rigore tecnico. La coppia marsalese e campobellese si conferma un\u2019eccellenza del movimento isolano, pronta ora a confrontarsi con una sfida ancora pi\u00f9 competitiva ed emozionante sui palcoscenici nazionali.<\/p>\n<p><img decoding=\"async\" width=\"630px\" height=\"100%\" style=\"aspect-ratio:1444\/2212;\" src=\"https:\/\/www.europesays.com\/it\/wp-content\/uploads\/2026\/07\/1784485123.jpeg\" \/><\/p>\n<p><strong>Biliardo:<\/strong> il marsalese Mario Pocorobba, tesserato per il club &#8220;Biglie e Birilli&#8221;, ha trionfato al I\u00b0 Trofeo Citt\u00e0 di Patern\u00f2, prestigiosa gara nazionale Open. In una finale tutta marsalese, Pocorobba ha superato il compagno di circolo Emanuel Cucchiara, dedicando il successo alla memoria del padre. La competizione ha richiamato l\u2019\u00e9lite del biliardo italiano, completando il podio con campioni di caratura mondiale come Davide Rizzo. Una vittoria di grande prestigio che conferma la qualit\u00e0 tecnica e la solidit\u00e0 della scuola marsalese nel panorama biliardistico nazionale.<\/p>\n<p><img decoding=\"async\" width=\"630px\" height=\"100%\" style=\"aspect-ratio:1708\/1520;\" src=\"https:\/\/www.europesays.com\/it\/wp-content\/uploads\/2026\/07\/1784484311.jpeg\" \/>\t\t\t\t\t\t\t\t<\/p>\n","protected":false},"excerpt":{"rendered":"Basket A1 Maschile: la Trapani Shark \u00e8 stata ufficialmente radiata dalla FIP. Il Consiglio Federale ha revocato l&#8217;affiliazione&hellip;\n","protected":false},"author":3,"featured_media":593368,"comment_status":"","ping_status":"","sticky":false,"template":"","format":"standard","meta":{"footnotes":"","_share_on_mastodon":"0"},"categories":[1474],"tags":[11355,30930,1756,15993,1537,90,89,11354,11356,7,15,327177,11357,97791,245,244,10671,1869],"class_list":["post-593367","post","type-post","status-publish","format-standard","has-post-thumbnail","category-volley","tag-alcamo","tag-avversarie","tag-basket","tag-ecco","tag-it","tag-italia","tag-italy","tag-marsala","tag-mazara","tag-news","tag-notizie","tag-radiata","tag-salemi","tag-shark","tag-sport","tag-sports","tag-trapani","tag-volley"],"share_on_mastodon":{"url":"https:\/\/pubeurope.com\/@it\/116950960911000692","error":""},"_links":{"self":[{"href":"https:\/\/www.europesays.com\/it\/wp-json\/wp\/v2\/posts\/593367","targetHints":{"allow":["GET"]}}],"collection":[{"href":"https:\/\/www.europesays.com\/it\/wp-json\/wp\/v2\/posts"}],"about":[{"href":"https:\/\/www.europesays.com\/it\/wp-json\/wp\/v2\/types\/post"}],"author":[{"embeddable":true,"href":"https:\/\/www.europesays.com\/it\/wp-json\/wp\/v2\/users\/3"}],"replies":[{"embeddable":true,"href":"https:\/\/www.europesays.com\/it\/wp-json\/wp\/v2\/comments?post=593367"}],"version-history":[{"count":0,"href":"https:\/\/www.europesays.com\/it\/wp-json\/wp\/v2\/posts\/593367\/revisions"}],"wp:featuredmedia":[{"embeddable":true,"href":"https:\/\/www.europesays.com\/it\/wp-json\/wp\/v2\/media\/593368"}],"wp:attachment":[{"href":"https:\/\/www.europesays.com\/it\/wp-json\/wp\/v2\/media?parent=593367"}],"wp:term":[{"taxonomy":"category","embeddable":true,"href":"https:\/\/www.europesays.com\/it\/wp-json\/wp\/v2\/categories?post=593367"},{"taxonomy":"post_tag","embeddable":true,"href":"https:\/\/www.europesays.com\/it\/wp-json\/wp\/v2\/tags?post=593367"}],"curies":[{"name":"wp","href":"https:\/\/api.w.org\/{rel}","templated":true}]}}