{"id":593417,"date":"2026-07-20T07:47:14","date_gmt":"2026-07-20T07:47:14","guid":{"rendered":"https:\/\/www.europesays.com\/it\/593417\/"},"modified":"2026-07-20T07:47:14","modified_gmt":"2026-07-20T07:47:14","slug":"carlos-santana-compie-79-anni-figlio-di-un-violinista-mariachi-la-collaborazione-con-eros-ramazzotti-la-vita-privata-9-segreti","status":"publish","type":"post","link":"https:\/\/www.europesays.com\/it\/593417\/","title":{"rendered":"Carlos Santana compie 79 anni: figlio di un violinista mariachi, la collaborazione con Eros Ramazzotti, la vita privata, 9 segreti"},"content":{"rendered":"<p class=\"chapter-paragraph\">\u00abPer me la vita non \u00e8 solo meccanica o solo intelletto, \u00e8 puro sentimento e passione. E con quelle il fiume non va mai in secca\u00bb. Oggi compie 79 anni il chitarrista che pi\u00f9 di tutti \u00e8 stato capace di miscelare tra loro i diversi generi musicali: Carlos Santana (che da settembre sar\u00e0 impegnato con una serie di concerti a Las Vegas). Nato in Messico il 20 luglio 1947, \u00e8 figlio di un violinista mariachi e non a caso il primo strumento musicale che ha preso in mano \u00e8 stato un violino, quando aveva soltanto 5 anni. E questa non \u00e8 l&#8217;unica curiosit\u00e0 su di lui.<\/p>\n","protected":false},"excerpt":{"rendered":"\u00abPer me la vita non \u00e8 solo meccanica o solo intelletto, \u00e8 puro sentimento e passione. E con&hellip;\n","protected":false},"author":3,"featured_media":593418,"comment_status":"","ping_status":"","sticky":false,"template":"","format":"standard","meta":{"footnotes":"","_share_on_mastodon":"0"},"categories":[1451],"tags":[8133,1585,2195,8115,3363,327228,1902,1621,1620,8950,1589,5337,1569,36903,49363,203,15055,11679,2716,327229,327230,1136,783,204,1537,90,89,5691,426,10715,1259,327231,13549,327232,327233,327234,2737,327235,327236,273,2298,15056,217505,62079,327237,6574],"class_list":["post-593417","post","type-post","status-publish","format-standard","has-post-thumbnail","category-celebrita","tag-album","tag-band","tag-bis","tag-canzone","tag-carlos","tag-carlos-santana","tag-carriera","tag-celebrita","tag-celebrities","tag-chiamata","tag-chitarrista","tag-compie","tag-concerto","tag-deborah","tag-disidratazione","tag-entertainment","tag-eros","tag-eros-ramazzotti","tag-figlio","tag-figlio-violinista","tag-figlio-violinista-mariachi","tag-foundation","tag-fuoco","tag-intrattenimento","tag-it","tag-italia","tag-italy","tag-king","tag-luglio","tag-malore","tag-maria","tag-mariachi","tag-messico","tag-messico-luglio","tag-milagro","tag-milagro-foundation","tag-nato","tag-nato-messico","tag-nato-messico-luglio","tag-nuova","tag-palco","tag-ramazzotti","tag-santana","tag-spirituale","tag-supernatural","tag-vendite"],"share_on_mastodon":{"url":"","error":"Validation failed: Text character limit of 500 exceeded"},"_links":{"self":[{"href":"https:\/\/www.europesays.com\/it\/wp-json\/wp\/v2\/posts\/593417","targetHints":{"allow":["GET"]}}],"collection":[{"href":"https:\/\/www.europesays.com\/it\/wp-json\/wp\/v2\/posts"}],"about":[{"href":"https:\/\/www.europesays.com\/it\/wp-json\/wp\/v2\/types\/post"}],"author":[{"embeddable":true,"href":"https:\/\/www.europesays.com\/it\/wp-json\/wp\/v2\/users\/3"}],"replies":[{"embeddable":true,"href":"https:\/\/www.europesays.com\/it\/wp-json\/wp\/v2\/comments?post=593417"}],"version-history":[{"count":0,"href":"https:\/\/www.europesays.com\/it\/wp-json\/wp\/v2\/posts\/593417\/revisions"}],"wp:featuredmedia":[{"embeddable":true,"href":"https:\/\/www.europesays.com\/it\/wp-json\/wp\/v2\/media\/593418"}],"wp:attachment":[{"href":"https:\/\/www.europesays.com\/it\/wp-json\/wp\/v2\/media?parent=593417"}],"wp:term":[{"taxonomy":"category","embeddable":true,"href":"https:\/\/www.europesays.com\/it\/wp-json\/wp\/v2\/categories?post=593417"},{"taxonomy":"post_tag","embeddable":true,"href":"https:\/\/www.europesays.com\/it\/wp-json\/wp\/v2\/tags?post=593417"}],"curies":[{"name":"wp","href":"https:\/\/api.w.org\/{rel}","templated":true}]}}