{"id":593430,"date":"2026-07-20T07:58:19","date_gmt":"2026-07-20T07:58:19","guid":{"rendered":"https:\/\/www.europesays.com\/it\/593430\/"},"modified":"2026-07-20T07:58:19","modified_gmt":"2026-07-20T07:58:19","slug":"asif-e-deutsche-bundesbank-firmano-un-protocollo-di-cooperazione-tecnica","status":"publish","type":"post","link":"https:\/\/www.europesays.com\/it\/593430\/","title":{"rendered":"ASIF e Deutsche Bundesbank firmano un Protocollo di cooperazione tecnica"},"content":{"rendered":"<p>L&#8217;intesa, riguardante la cooperazione tecnica tra le due istituzioni, siglata ieri, 17 luglio, a Palazzo San Carlo. Un rapporto reso possibile anche dall\u2019impegno visibile della Santa Sede a rafforzare la propria architettura finanziaria, in linea con gli standard internazionali<\/p>\n<p><b>Vatican News<\/b><\/p>\n<p>A Palazzo San Carlo, ieri\u00a0venerd\u00ec 17 luglio, l\u2019Autorit\u00e0 di Supervisione e Informazione Finanziaria (ASIF) e la Deutsche Bundesbank hanno firmato un protocollo d\u2019intesa riguardante la cooperazione tecnica tra le due istituzioni. Per la Deutsche Bundesbank, il protocollo \u00e8 stato firmato dal dottor Burkhard Balz, membro del Comitato Esecutivo, e per l\u2019ASIF dal direttore Federico Antellini Russo.<\/p>\n<p>Pi\u00f9 solida credibilit\u00e0 nella comunit\u00e0 finanziaria internazionale <\/p>\n<p>Si tratta di un ulteriore consolidamento del rapporto tra l\u2019Autorit\u00e0 di Vigilanza sul settore finanziario della Santa Sede e dello Stato della Citt\u00e0 del Vaticano e la Banca Centrale della Repubblica Federale di Germania, sviluppatosi negli anni e con un importante rafforzamento negli ultimi mesi. Un rapporto che \u00e8 stato reso possibile anche dall\u2019impegno visibile della Santa Sede a rafforzare la propria architettura finanziaria, in linea con gli standard internazionali, rendendo cos\u00ec possibile, attraverso la trasparenza, l\u2019accountability e la professionalit\u00e0, l\u2019acquisizione di una sempre pi\u00f9 solida credibilit\u00e0 nella comunit\u00e0 finanziaria internazionale.<\/p>\n<p>    <img decoding=\"async\" src=\"data:image\/gif;base64,R0lGODlhAQABAIAAAAAAAP\/\/\/yH5BAEAAAAALAAAAAABAAEAAAIBRAA7\" data-original=\"https:\/\/www.vaticannews.va\/content\/dam\/vaticannews\/multimedia\/2026\/Luglio\/17\/mou-1.jpg\/_jcr_content\/renditions\/cq5dam.thumbnail.cropped.750.422.jpeg\" alt=\"La firma del Protocollo d'intesa a Palazzo San Carlo\" title=\"La firma del Protocollo d'intesa a Palazzo San Carlo\"\/><\/p>\n<p>\n   La firma del Protocollo d&#8217;intesa a Palazzo San Carlo\n  <\/p>\n<p>Scambio di esperienze e best practices <\/p>\n<p>Il protocollo si propone di consolidare e sviluppare gli sforzi comuni e la collaborazione reciproca nel settore della vigilanza, anche attraverso la formazione e lo scambio di esperienze e best practices, nel condiviso interesse a contribuire alla trasparenza e alla sostenibilit\u00e0 del sistema finanziario internazionale. Come sottolineato da Balz nel suo discorso introduttivo, infatti, \u201cnel firmare questo protocollo di intesa, noi affermiamo il nostro impegno condiviso ai principi di integrit\u00e0, trasparenza, e cooperazione internazionale. Questo accordo offre un quadro di riferimento per uno scambio costante e un sostegno reciproco, e riflette la nostra comune aspirazione a servire il bene comune attraverso un sistema finanziario stabile e equo\u201d.<\/p>\n<p>Guardare al futuro con convinzione <\/p>\n<p>Da parte sua, il direttore dell\u2019ASIF nel discorso introduttivo ha affermato: \u201cLa firma del presente protocollo d\u2019intesa avviene nell\u2019anno in cui ricorre il quindicesimo anniversario della creazione di questa Autorit\u00e0, e a poche settimane dall\u2019entrata in vigore del nuovo Statuto dell\u2019Autorit\u00e0 di Supervisione e Informazione Finanziaria, promulgato da Sua Santit\u00e0 Papa Leone XIV. Ci\u00f2 ci offre l\u2019opportunit\u00e0, come solitamente avviene in occasioni simili e anniversari, di essere consapevoli del percorso compiuto, ma soprattutto di guardare al futuro con convinzione. Mi auguro che la collaborazione tra le nostre due Istituzioni continui a rafforzarsi e diventi ancora pi\u00f9 stretta\u201d.<\/p>\n<p>Alla firma hanno presenziato anche monsignor Mih\u0103i\u0163\u0103 Blaj, sotto-segretario della Sezione per I Rapporti con gli Stati e le Organizzazioni Internazionali della Segreteria di Stato e il dottor Christoph Braner, ministro plenipotenziario dell\u2019Ambasciata di Germania presso la Santa Sede.<\/p>\n","protected":false},"excerpt":{"rendered":"L&#8217;intesa, riguardante la cooperazione tecnica tra le due istituzioni, siglata ieri, 17 luglio, a Palazzo San Carlo. Un&hellip;\n","protected":false},"author":3,"featured_media":593431,"comment_status":"","ping_status":"","sticky":false,"template":"","format":"standard","meta":{"footnotes":"","_share_on_mastodon":"0"},"categories":[160],"tags":[14,164,165,184,166,7,15,1327,11,167,12,168,1329,161,162,163],"class_list":["post-593430","post","type-post","status-publish","format-standard","has-post-thumbnail","category-mondo","tag-cronaca","tag-dal-mondo","tag-dalmondo","tag-economia","tag-mondo","tag-news","tag-notizie","tag-santa-sede","tag-ultime-notizie","tag-ultime-notizie-di-mondo","tag-ultimenotizie","tag-ultimenotiziedimondo","tag-vaticano","tag-world","tag-world-news","tag-worldnews"],"share_on_mastodon":{"url":"https:\/\/pubeurope.com\/@it\/116951246719199094","error":""},"_links":{"self":[{"href":"https:\/\/www.europesays.com\/it\/wp-json\/wp\/v2\/posts\/593430","targetHints":{"allow":["GET"]}}],"collection":[{"href":"https:\/\/www.europesays.com\/it\/wp-json\/wp\/v2\/posts"}],"about":[{"href":"https:\/\/www.europesays.com\/it\/wp-json\/wp\/v2\/types\/post"}],"author":[{"embeddable":true,"href":"https:\/\/www.europesays.com\/it\/wp-json\/wp\/v2\/users\/3"}],"replies":[{"embeddable":true,"href":"https:\/\/www.europesays.com\/it\/wp-json\/wp\/v2\/comments?post=593430"}],"version-history":[{"count":0,"href":"https:\/\/www.europesays.com\/it\/wp-json\/wp\/v2\/posts\/593430\/revisions"}],"wp:featuredmedia":[{"embeddable":true,"href":"https:\/\/www.europesays.com\/it\/wp-json\/wp\/v2\/media\/593431"}],"wp:attachment":[{"href":"https:\/\/www.europesays.com\/it\/wp-json\/wp\/v2\/media?parent=593430"}],"wp:term":[{"taxonomy":"category","embeddable":true,"href":"https:\/\/www.europesays.com\/it\/wp-json\/wp\/v2\/categories?post=593430"},{"taxonomy":"post_tag","embeddable":true,"href":"https:\/\/www.europesays.com\/it\/wp-json\/wp\/v2\/tags?post=593430"}],"curies":[{"name":"wp","href":"https:\/\/api.w.org\/{rel}","templated":true}]}}