{"id":593447,"date":"2026-07-20T08:18:20","date_gmt":"2026-07-20T08:18:20","guid":{"rendered":"https:\/\/www.europesays.com\/it\/593447\/"},"modified":"2026-07-20T08:18:20","modified_gmt":"2026-07-20T08:18:20","slug":"fedez-terzo-figlio-per-il-rapper-una-gioia-cosi-grande","status":"publish","type":"post","link":"https:\/\/www.europesays.com\/it\/593447\/","title":{"rendered":"Fedez, terzo figlio per il rapper: \u00abUna gioia cos\u00ec grande\u00bb"},"content":{"rendered":"<p>                        <img loading=\"lazy\" decoding=\"async\" src=\"https:\/\/www.europesays.com\/it\/wp-content\/uploads\/2026\/07\/d57a019b17af04af2646fdedda737482.jpg\" alt=\"Fedez, Giulia Honegger e il piccolissimo Edoardo Lupo\" class=\"articlePreview__img\"\/><\/p>\n<p class=\"article__imageInfoText\">\n                      Fedez, Giulia Honegger e il piccolissimo Edoardo Lupo\n                    <\/p>\n<p>\n                          <a style=\"color: #ff0000;\" href=\"https:\/\/www.oggi.it\/personaggi\/fedez-federico-leonardo-lucia\/\" target=\"_blank\" rel=\"noopener nofollow\"><strong>Fedez<\/strong><\/a> \u00e8 pap\u00e0 per la terza volta. La sua ultima compagna, Giulia Honegger, ha infatti dato alla luce Edoardo Lupo, nato al San Raffaele di Milano gioved\u00ec 16 luglio. Ma il rapper ha voluto dare la notizia sui social con un carosello di foto quando tutto era gi\u00e0 accaduto. &#8211;\u00a0<strong><a style=\"color: #ff0000;\" href=\"https:\/\/www.oggi.it\/people\/gallery\/fedez-e-giulia-honegger-cambiano-casa-le-nuove-foto-e-il-video-che-fa-pensare-ad-un-ulteriore-passo-della-coppia\/\" target=\"_blank\" rel=\"noopener nofollow\">foto<\/a><\/strong>\u00a0|\u00a0<strong><a style=\"color: #ff0000;\" href=\"https:\/\/www.oggi.it\/video\/people\/celebs\/2026\/04\/10\/fedez-mostra-giulia-honegger-incinta-sui-suoi-social\/\" target=\"_blank\" rel=\"noopener nofollow\">video<\/a><\/strong>\n                        <\/p>\n<p>\n                          <a href=\"https:\/\/www.oggi.it\/people\/celebs\/2026\/07\/09\/fedez-parla-di-chiara-a-un-anno-dal-divorzio-non-e-stato-facile-lasciarla-ma-era-necessario\/\" target=\"_blank\" rel=\"noopener nofollow\">Fedez parla di Chiara a un anno dal divorzio: \u00abNon \u00e8 stato facile lasciarla, ma era necessario\u00bb &#8211; <strong>leggi<\/strong><\/a>\n                        <\/p>\n<p>                            <img loading=\"lazy\" decoding=\"async\" src=\"https:\/\/www.europesays.com\/it\/wp-content\/uploads\/2026\/07\/def2e159d6a96707b4f1044bf0f24662.jpg\" alt=\"Il piccolo Edoardo Lupo, nato al San Raffaele di Milano gioved\u00ec 16 luglio\" width=\"768\" height=\"1024\" class=\"aligncenter\"\/><\/p>\n<p class=\"article__imageInfoText\" style=\"width: 100%; padding-bottom: 20px\">\n                              Il piccolo Edoardo Lupo, nato al San Raffaele di Milano gioved\u00ec 16 luglio (instagram)\n                            <\/p>\n<p>                        Una gioia cos\u00ec grandeLa gravidanza \u00e8 stata, infatti ,tenuta lontana dai riflettori (fino alla fine non si \u00e8 saputo nemmeno data di nascita e sesso del bambino), in maniera opposta con quanto successo per gli altri due figli del cantante, Leone e Vittoria, avuti da <a style=\"color: #ff0000;\" href=\"https:\/\/www.oggi.it\/personaggi\/chiara-ferragni\/\" target=\"_blank\" rel=\"noopener nofollow\"><strong>Chiara Ferragni<\/strong><\/a>. Fedez, per\u00f2, nella galleria fotografica postata su Instagram per il lieto evento, ha voluto mettere i disegni fatti da fratello e sorella maggiore in attesa del grande evento, come a sottolineare la nascita di una famiglia allargata. Il suo commento non d\u00e0 adito a dubbi: \u00abUna gioia cos\u00ec grande\u00bb.<\/p>\n<p>\n                          <a href=\"https:\/\/www.oggi.it\/people\/gossip\/2026\/05\/27\/fedez-e-giulia-honegger-il-nuovo-nido-damore-prende-forma-i-dettagli-della-casa-e-il-trasloco\/\" target=\"_blank\" rel=\"noopener nofollow\">Fedez e Giulia Honegger, il nuovo nido d\u2019amore prende forma: i dettagli della casa e il trasloco &#8211; <strong>leggi<\/strong><\/a>\n                        <\/p>\n<p>                            <img loading=\"lazy\" decoding=\"async\" src=\"https:\/\/www.europesays.com\/it\/wp-content\/uploads\/2026\/07\/ea33ca8fc56eec2ee451f16a02920814.jpg\" alt=\"Fedez, Giulia Honegger e Edoardo Lupo, nato al San Raffaele di Milano gioved\u00ec 16 luglio\" width=\"768\" height=\"1024\" class=\"aligncenter\"\/><\/p>\n<p class=\"article__imageInfoText\" style=\"width: 100%; padding-bottom: 20px\">\n                              Fedez, Giulia Honegger e Edoardo Lupo, nato al San Raffaele di Milano gioved\u00ec 16 luglio (instagram)\n                            <\/p>\n<p>                        Tra gli auguri, una grande assenteTantissime le congratulazioni ricevute. E ovviamente non solo dei follower. <strong>Simona Ventura<\/strong> ha scritto: \u00abCongrats\u00bb. <strong>Carlo Conti<\/strong>, il conduttore di Sanremo che lo ha voluto in gara insieme a Marco Masini, ha rievocato il loro brano, invertendone il concetto: \u00abBene necessario\u00bb. Non ci sono invece i commenti o i like dell\u2019ex, <strong>Chiara Ferragni<\/strong> che, comunque, come raccontato su Oggi, aveva consigliato a Giulia anche una brava ginecologa cui affidarsi. Come dire che i rapporti familiari con il rapper si sono finalmente appianati.<\/p>\n","protected":false},"excerpt":{"rendered":"Fedez, Giulia Honegger e il piccolissimo Edoardo Lupo Fedez \u00e8 pap\u00e0 per la terza volta. La sua ultima&hellip;\n","protected":false},"author":3,"featured_media":593448,"comment_status":"","ping_status":"","sticky":false,"template":"","format":"standard","meta":{"footnotes":"","_share_on_mastodon":"0"},"categories":[1443],"tags":[40,1774,25904,324983,327250,203,466,1778,5302,10452,2618,35915,35916,230,204,1537,90,89,426,70407,327251,327252,28,327253,327254,1538,1539,2737,327255,327256,8381],"class_list":["post-593447","post","type-post","status-publish","format-standard","has-post-thumbnail","category-musica","tag-chiara","tag-chiara-ferragni","tag-edoardo","tag-edoardo-lupo","tag-edoardo-lupo-nato","tag-entertainment","tag-fedez","tag-ferragni","tag-giovedi","tag-giovedi-luglio","tag-giulia","tag-giulia-honegger","tag-honegger","tag-instagram","tag-intrattenimento","tag-it","tag-italia","tag-italy","tag-luglio","tag-lupo","tag-lupo-nato","tag-lupo-nato-san","tag-milano","tag-milano-giovedi","tag-milano-giovedi-luglio","tag-music","tag-musica","tag-nato","tag-nato-san","tag-nato-san-raffaele","tag-raffaele"],"share_on_mastodon":{"url":"https:\/\/pubeurope.com\/@it\/116951326461927676","error":""},"_links":{"self":[{"href":"https:\/\/www.europesays.com\/it\/wp-json\/wp\/v2\/posts\/593447","targetHints":{"allow":["GET"]}}],"collection":[{"href":"https:\/\/www.europesays.com\/it\/wp-json\/wp\/v2\/posts"}],"about":[{"href":"https:\/\/www.europesays.com\/it\/wp-json\/wp\/v2\/types\/post"}],"author":[{"embeddable":true,"href":"https:\/\/www.europesays.com\/it\/wp-json\/wp\/v2\/users\/3"}],"replies":[{"embeddable":true,"href":"https:\/\/www.europesays.com\/it\/wp-json\/wp\/v2\/comments?post=593447"}],"version-history":[{"count":0,"href":"https:\/\/www.europesays.com\/it\/wp-json\/wp\/v2\/posts\/593447\/revisions"}],"wp:featuredmedia":[{"embeddable":true,"href":"https:\/\/www.europesays.com\/it\/wp-json\/wp\/v2\/media\/593448"}],"wp:attachment":[{"href":"https:\/\/www.europesays.com\/it\/wp-json\/wp\/v2\/media?parent=593447"}],"wp:term":[{"taxonomy":"category","embeddable":true,"href":"https:\/\/www.europesays.com\/it\/wp-json\/wp\/v2\/categories?post=593447"},{"taxonomy":"post_tag","embeddable":true,"href":"https:\/\/www.europesays.com\/it\/wp-json\/wp\/v2\/tags?post=593447"}],"curies":[{"name":"wp","href":"https:\/\/api.w.org\/{rel}","templated":true}]}}