{"id":593469,"date":"2026-07-20T08:39:16","date_gmt":"2026-07-20T08:39:16","guid":{"rendered":"https:\/\/www.europesays.com\/it\/593469\/"},"modified":"2026-07-20T08:39:16","modified_gmt":"2026-07-20T08:39:16","slug":"pallacanestro-trieste-sean-mcdermott-torna-a-vestire-il-biancorosso","status":"publish","type":"post","link":"https:\/\/www.europesays.com\/it\/593469\/","title":{"rendered":"Pallacanestro Trieste: Sean McDermott torna a vestire il biancorosso"},"content":{"rendered":"<p>Nel mondo dello sport succede spesso che le strade si dividano, ma il profondo rispetto reciproco e il desiderio di ritrovarsi rimangano comunque intatti nel tempo. Per <strong>Sean McDermott<\/strong>, il richiamo di Trieste e del suo ambiente \u00e8 stato impossibile da ignorare.<\/p>\n<p>\u00c8 dunque con grande entusiasmo che la <strong>Pallacanestro Trieste<\/strong> annuncia il ritorno in maglia biancorossa dell\u2019ala statunitense. Dopo una stagione di vissuta indossando la maglia dei Valley Suns, la franchigia di G-League affiliata a Phoenix, Sean torna nella citt\u00e0 in cui aveva lasciato ottimi ricordi, pronto a infiammare nuovamente il pubblico di Trieste con la sua dedizione, la sua etica del lavoro e il suo talento balistico. Un ritorno prezioso che aggiunge un tassello fondamentale e di assoluto livello al roster della prossima stagione.<\/p>\n<p>Originario di Anderson, Indiana, e classe 1996, Sean \u00e8 un giocatore che ha fatto del sacrificio e del tiro da fuori i suoi marchi di fabbrica fin dagli anni del college alla Butler University. Approdato tra i professionisti con i Memphis Grizzlies nell\u2019NBA e in G-League, si \u00e8 rapidamente imposto come un tiratore d\u2019\u00e9lite e un difensore estremamente versatile.<\/p>\n<p>Approdato a Trieste a stagione in corso nel gennaio 2025, McDermott ha messo a referto 7 punti di media in quasi 20 minuti di utilizzo sul parquet. Nell\u2019ultima annata, disputata come gi\u00e0 detto in Arizona con i Valley Suns, ha continuato a macinare numeri di spessore, viaggiando a 12 punti di media a gara e oltre 30 minuti di impiego. Doti fisiche e balistiche che ora riporter\u00e0 sul parquet triestino.<\/p>\n<p>\u201cSiamo davvero entusiasti che Sean e la sua famiglia tornino a Trieste! \u2013 ha dichiarato il General Manager biancorosso <strong>Michael Arcieri<\/strong> \u2013 Senza giri di parole, Sean \u00e8 il professionista per eccellenza. La sua classe, la sua integrit\u00e0, la sua etica del lavoro, il suo altruismo e il suo desiderio di migliorare ogni singolo giorno, in ogni singolo allenamento, rappresentano tutto ci\u00f2 a cui aspiriamo come organizzazione cestistica. Il suo tiro \u00e8 di \u2018livello mondiale\u2019. Semplicemente non pu\u00f2 essere lasciato da solo. La pressione che esercita sulle difese avversarie, lo spazio che crea per i compagni di squadra e la fisicit\u00e0 con cui gioca in difesa lo rendono la guardia prototipica in Europa. La sua capacit\u00e0 di giocare (e difendere) in pi\u00f9 ruoli d\u00e0 al nostro roster la profondit\u00e0 e la flessibilit\u00e0 che cerchiamo sempre. Siamo entusiasti di dare il bentornato a Sean, Kennedy e alla famiglia McDermott a Trieste e porgiamo loro il nostro pi\u00f9 caloroso abbraccio biancorosso!\u201d<\/p>\n<p>Queste invece le prime parole di <strong>Sean McDermott<\/strong> dopo la firma: \u201cLa mia famiglia e io siamo pi\u00f9 che felici di tornare a Trieste\u2026 questa volta con un\u2019altra aggiunta al team McDermott. Mi sento fortunato e grato per l\u2019opportunit\u00e0 di tornare per un\u2019altra stagione in un posto cos\u00ec meraviglioso. Amiamo Trieste, le persone e la passione per il basket che ha questa citt\u00e0, e non vedo l\u2019ora di indossare di nuovo questa maglia. Vi faccio una promessa fin da ora: giocher\u00f2 con il massimo impegno e con il cuore in ogni secondo di ogni partita, perch\u00e9 questa squadra lo merita e voi ragazzi lo meritate. A presto e Forza Trieste!\u201d<\/p>\n<p>Ufficio Stampa e Comunicazione Pallacanestro Trieste<\/p>\n","protected":false},"excerpt":{"rendered":"Nel mondo dello sport succede spesso che le strade si dividano, ma il profondo rispetto reciproco e il&hellip;\n","protected":false},"author":3,"featured_media":593470,"comment_status":"","ping_status":"","sticky":false,"template":"","format":"standard","meta":{"footnotes":"","_share_on_mastodon":"0"},"categories":[1453],"tags":[1756,1757,1537,90,89,16063,327294,245,244],"class_list":["post-593469","post","type-post","status-publish","format-standard","has-post-thumbnail","category-basket","tag-basket","tag-basketball","tag-it","tag-italia","tag-italy","tag-pallacanestro-trieste","tag-sean-mcdermott","tag-sport","tag-sports"],"share_on_mastodon":{"url":"https:\/\/pubeurope.com\/@it\/116951409029320100","error":""},"_links":{"self":[{"href":"https:\/\/www.europesays.com\/it\/wp-json\/wp\/v2\/posts\/593469","targetHints":{"allow":["GET"]}}],"collection":[{"href":"https:\/\/www.europesays.com\/it\/wp-json\/wp\/v2\/posts"}],"about":[{"href":"https:\/\/www.europesays.com\/it\/wp-json\/wp\/v2\/types\/post"}],"author":[{"embeddable":true,"href":"https:\/\/www.europesays.com\/it\/wp-json\/wp\/v2\/users\/3"}],"replies":[{"embeddable":true,"href":"https:\/\/www.europesays.com\/it\/wp-json\/wp\/v2\/comments?post=593469"}],"version-history":[{"count":0,"href":"https:\/\/www.europesays.com\/it\/wp-json\/wp\/v2\/posts\/593469\/revisions"}],"wp:featuredmedia":[{"embeddable":true,"href":"https:\/\/www.europesays.com\/it\/wp-json\/wp\/v2\/media\/593470"}],"wp:attachment":[{"href":"https:\/\/www.europesays.com\/it\/wp-json\/wp\/v2\/media?parent=593469"}],"wp:term":[{"taxonomy":"category","embeddable":true,"href":"https:\/\/www.europesays.com\/it\/wp-json\/wp\/v2\/categories?post=593469"},{"taxonomy":"post_tag","embeddable":true,"href":"https:\/\/www.europesays.com\/it\/wp-json\/wp\/v2\/tags?post=593469"}],"curies":[{"name":"wp","href":"https:\/\/api.w.org\/{rel}","templated":true}]}}