{"id":593527,"date":"2026-07-20T09:30:15","date_gmt":"2026-07-20T09:30:15","guid":{"rendered":"https:\/\/www.europesays.com\/it\/593527\/"},"modified":"2026-07-20T09:30:15","modified_gmt":"2026-07-20T09:30:15","slug":"pogacar-e-vingegaard-lantidoping-controlla-nella-notte-perche-e-consentito-e-in-quali-casi","status":"publish","type":"post","link":"https:\/\/www.europesays.com\/it\/593527\/","title":{"rendered":"Pogacar e Vingegaard, l&#8217;antidoping controlla nella notte. Perch\u00e9 \u00e8 consentito e in quali casi"},"content":{"rendered":"<p>    di<br \/>\n    Marco Bonarrigo<\/p>\n<p class=\"summary-art is-line-h-12\">Pogacar e Vingegaard sottoposti a controlli antidoping notturni al Tour de France: la normativa Uci li consente\u200b\u200b\u200b\u200b\u200b\u200b\u200b\u200b\u200b\u200b\u200b\u200b\u200b\u200b\u200b\u200b. Eccesso di zelo o c&#8217;\u00e8 un&#8217;indagine? L&#8217;Uci metta dei limiti<\/p>\n<p class=\"chapter-paragraph\">Tra la <b>notte (fonda)<\/b> di sabato e l\u2019alba di domenica, i due grandi favoriti per la vittoria al Tour de France 2026 sono stati <b>sottoposti a controlli antidoping su sangue e urine negli hotel <\/b>dove dormivano in Alta Savoia, alla vigilia di una tappa molto dura della Grande Boucle: <b>Jonas Vingegaard alle due di notte, Tadej Pogacar alle cinque<\/b>. I controlli hanno influito pesantemente sul loro riposo, <a href=\"\">domenica Vingegaard si \u00e8 dovuto ritirare per la frattura della clavicola rimediata in una caduta<\/a>. Non ci sono correlazioni dirette tra poco sonno e incidente, ma di certo il danese non ha riposato bene.<\/p>\n<p class=\"chapter-paragraph\"><b>Pogi &amp; Vingo hanno dato la notizia via social, lamentandosi ma in modo molto civile <\/b>e incassando la solidariet\u00e0 di decine di colleghi.    &#13;<br \/>\n&#13;<br \/>\n&#13;<br \/>\n&#13;<br \/>\n&#13;<br \/>\n&#13;<br \/>\n&#13;<br \/>\n&#13;<br \/>\n&#13;<br \/>\n&#13;<br \/>\n&#13;<br \/>\n&#13;<br \/>\n&#13;<br \/>\n&#13;<br \/>\n&#13;<br \/>\n&#13;<br \/>\n&#13;<br \/>\n&#13;<br \/>\n&#13;<br \/>\n&#13;<br \/>\n&#13;<br \/>\n&#13;<br \/>\n&#13;<br \/>\n&#13;<br \/>\n&#13;<br \/>\n&#13;<br \/>\n&#13;<br \/>\n&#13;<br \/>\n&#13;<br \/>\n&#13;<br \/>\n&#13;<br \/>\n&#13;<br \/>\n&#13;<br \/>\n&#13;<br \/>\n&#13;<br \/>\n&#13;<br \/>\n&#13;<br \/>\n&#13;<br \/>\n&#13;<br \/>\n&#13;<br \/>\n&#13;<br \/>\n&#13;<br \/>\n&#13;<br \/>\n&#13;<br \/>\n&#13;<br \/>\n&#13;<br \/>\n&#13;<br \/>\n&#13;<br \/>\n&#13;<br \/>\n&#13;<br \/>\n&#13;<br \/>\n&#13;<br \/>\n&#13;\n<\/p>\n<p class=\"chapter-paragraph\">Le modalit\u00e0 del controllo lasciano spazio a diverse interpretazioni e richiedono un chiarimento. <b>Un esame antidoping in corsa fuori dalla fascia di controllo<\/b> che \u00e8 gi\u00e0 ampia (dalle 6 alle 22) \u00e8 <b>consentito <\/b>dal regolamento dell\u2019Unione Ciclistica Internazionale ma solo <b>qualora \u00abesistano seri e specifici indizi<\/b> che costui possa utilizzare sostanze o metodi dopanti\u00bb. L\u2019idea \u00e8 di dare la caccia a un atleta che possa usare sostanze (epoietine, ad esempio) a smaltimento rapido sfruttando la fascia in cui gli ispettori non lo cercano.<\/p>\n<p class=\"chapter-paragraph\">Le possibilit\u00e0 consentite dalla norma, in vigore da una decina di anni, sono state utilizzate a quanto si sa molto raramente e sempre con il vincolo della assoluta discrezione perch\u00e9 la notizia del controllo potrebbe essere per l\u2019opinione pubblica indizio di comportamento irregolare. Nel caso specifico, come gi\u00e0 detto, <b>sia Pogacar che Vingegaard hanno subito reso pubblico il controllo<\/b>.<\/p>\n<p class=\"chapter-paragraph\"><b>Che sta succedendo al Tour?<\/b> C\u2019\u00e8 davvero il \u00abserio indizio\u00bb che due fenomeni del ciclismo mondiale si stiano dopando?<\/p>\n<p class=\"chapter-paragraph\">Da quanto trapela dalla Francia, i controlli potrebbero essere <b>una forma di zelo non regolamentare da parte dell\u2019Ita<\/b>, l\u2019agenzia indipendente che effettua i controlli per conto dell\u2019Uci, che vuole dimostrare di lavorare a fondo in un contesto dove da tempo non emerge alcuna positivit\u00e0. Lo zelo ci sta, ma <b>il regolamento parla chiaro e non pu\u00f2 essere mai violato: i test notturni <\/b>(che nessun altro sport di alto livello permette, il ciclismo sul fronte doping fa sforzi straordinari) devono essere adottati solo nello specifico caso in cui vi siano precisi indizi (farmacologici o giudiziari) sugli atleti interessati, perch\u00e9 la procedura mina in maniera seria la capacit\u00e0 di riposo degli atleti e mette a rischio la loro sicurezza e la salute. L\u2019Uci a questo punto deve assolutamente chiarire i limiti del mandato dei suoi ispettori.<\/p>\n<p class=\"is-last-update\" datetime=\"2026-07-20T09:13:33+02:00\">20 luglio 2026<\/p>\n<p class=\"is-copyright\">\n            \u00a9 RIPRODUZIONE RISERVATA\n        <\/p>\n","protected":false},"excerpt":{"rendered":"di Marco Bonarrigo Pogacar e Vingegaard sottoposti a controlli antidoping notturni al Tour de France: la normativa Uci&hellip;\n","protected":false},"author":3,"featured_media":593528,"comment_status":"","ping_status":"","sticky":false,"template":"","format":"standard","meta":{"footnotes":"","_share_on_mastodon":"0"},"categories":[1456],"tags":[3149,1859,1824,38535,8076,47865,2575,1825,277,2237,1112,3074,2240,44993,35082,57944,1537,90,89,20616,4509,4476,52997,1931,14382,13593,34800,10731,210902,245,244,3555,3148,2223,327345],"class_list":["post-593527","post","type-post","status-publish","format-standard","has-post-thumbnail","category-ciclismo","tag-antidoping","tag-atleti","tag-ciclismo","tag-consentito","tag-controlli","tag-controlli-antidoping","tag-controllo","tag-cycling","tag-de","tag-de-france","tag-domenica","tag-fascia","tag-france","tag-indizi","tag-indizio","tag-ispettori","tag-it","tag-italia","tag-italy","tag-limiti","tag-notizia","tag-notte","tag-notturni","tag-pogacar","tag-pogacar-vingegaard","tag-regolamento","tag-riposo","tag-sostanze","tag-sottoposti","tag-sport","tag-sports","tag-tour","tag-uci","tag-vingegaard","tag-zelo"],"share_on_mastodon":{"url":"https:\/\/pubeurope.com\/@it\/116951608552140316","error":""},"_links":{"self":[{"href":"https:\/\/www.europesays.com\/it\/wp-json\/wp\/v2\/posts\/593527","targetHints":{"allow":["GET"]}}],"collection":[{"href":"https:\/\/www.europesays.com\/it\/wp-json\/wp\/v2\/posts"}],"about":[{"href":"https:\/\/www.europesays.com\/it\/wp-json\/wp\/v2\/types\/post"}],"author":[{"embeddable":true,"href":"https:\/\/www.europesays.com\/it\/wp-json\/wp\/v2\/users\/3"}],"replies":[{"embeddable":true,"href":"https:\/\/www.europesays.com\/it\/wp-json\/wp\/v2\/comments?post=593527"}],"version-history":[{"count":0,"href":"https:\/\/www.europesays.com\/it\/wp-json\/wp\/v2\/posts\/593527\/revisions"}],"wp:featuredmedia":[{"embeddable":true,"href":"https:\/\/www.europesays.com\/it\/wp-json\/wp\/v2\/media\/593528"}],"wp:attachment":[{"href":"https:\/\/www.europesays.com\/it\/wp-json\/wp\/v2\/media?parent=593527"}],"wp:term":[{"taxonomy":"category","embeddable":true,"href":"https:\/\/www.europesays.com\/it\/wp-json\/wp\/v2\/categories?post=593527"},{"taxonomy":"post_tag","embeddable":true,"href":"https:\/\/www.europesays.com\/it\/wp-json\/wp\/v2\/tags?post=593527"}],"curies":[{"name":"wp","href":"https:\/\/api.w.org\/{rel}","templated":true}]}}