{"id":593813,"date":"2026-07-20T13:37:13","date_gmt":"2026-07-20T13:37:13","guid":{"rendered":"https:\/\/www.europesays.com\/it\/593813\/"},"modified":"2026-07-20T13:37:13","modified_gmt":"2026-07-20T13:37:13","slug":"deschamps-clima-irrespirabile-vado-via-perche-e-meglio-per-tutti","status":"publish","type":"post","link":"https:\/\/www.europesays.com\/it\/593813\/","title":{"rendered":"Deschamps: &#8220;Clima irrespirabile, vado via perch\u00e9 \u00e8 meglio per tutti&#8221;"},"content":{"rendered":"<p>                                L&#8217;ormai ex c.t. della Francia lascia tra le polemiche dopo il quarto posto. Il nuovo allenatore sar\u00e0 Zidane: &#8220;Ha il giusto profilo per guidare la nazionale&#8221;<\/p>\n<p>\n                                                                    Alessandro Grandesso\n                            <\/p>\n<p>                    20 luglio 2026 (modifica alle 13:57)  &#8211; PARIGI<\/p>\n<p>        <a href=\"https:\/\/www.gazzetta.it\/en\/football\/world-cup\/20-07-2026\/deschamps-unbearable-atmosphere-m-leaving-because-it-s-better-for-everyone.shtml\" class=\"button button--link-dark\" rel=\"nofollow noopener\" target=\"_blank\"><\/p>\n<p>            English version<\/p>\n<p>        <\/a><\/p>\n<p class=\"paragraph\" spellcheck=\"true\">Sognava un addio in trionfo. Si deve accontentare del quarto posto. In ogni caso, Didier Deschamps ha scritto la storia della nazionale francese e lascia dopo un regno durato 14 anni, culminato con la vittoria del Mondiale 2018, decorato con una Nations League, una finale e una semifinale mondiali, una finale dell&#8217;Europeo. Un&#8217;eredit\u00e0 nobile e complessa per il successore in pectore Zinedine Zidane. Eppure, l&#8217;addio di DD \u00e8 contaminato da tensioni e veleni, con certi media e con i vertici federali. Tanto che il c.t. uscente ha persino rifiutato che fosse organizzata una cerimonia in suo onore.<\/p>\n<p>        tensioni\u2014 \u00a0<\/p>\n<p class=\"paragraph\" spellcheck=\"true\">\u201cHo deciso di andarmene \u2013 ha spiegato di recente l&#8217;ex centrocampista \u2013 perch\u00e9 il clima era diventato irrespirabile ed era meglio per tutti\u201d. Una frecciata rivolta ad alcuni media e in particolare ad alcuni commentatori. In primis Christophe Dugarry, ex collega di nazionale, diventato opinionista di spicco sulla rete RmcSport che lo ha sempre criticato, relativizzandone il percorso di commissario tecnico e sostenendo apertamente e da anni la nomina dell&#8217;amico Zidane. Deschamps ha tolto il saluto all&#8217;ex rossonero da tempo ed evita di incrociarlo ai ritrovi dei campioni del Mondo del &#8217;98. Ma l&#8217;ormai ex c.t., che aveva annunciato gi\u00e0 a gennaio di lasciare dopo il Mondiale, da mesi \u00e8 entrato in tensione pure con i vertici federali. Un po&#8217; perch\u00e9 non si sentiva pienamente sostenuto di fronte alle critiche, un po&#8217; perch\u00e9 l&#8217;attuale presidente Philippe Diallo ha lasciato intendere apertamente di aver gi\u00e0 il successore, senza smentire le voci su Zidane, anche appena prima del Mondiale nordamericano.<\/p>\n<p><a class=\"is-partner-link\" href=\"https:\/\/abbonamenti.gazzetta.it\/de-promo-mondiali\/?pwcmp=cta&amp;forceBrowser=true\" rel=\"nofollow noopener\" target=\"_blank\">Gazzetta Mondiale: ogni notte un\u2019edizione straordinaria esclusiva. Non perdertela, abbonati a 1\u20ac\/mese!<\/a><\/p>\n<p>        rispetto\u2014 \u00a0<\/p>\n<p class=\"paragraph\" spellcheck=\"true\">Postura poco apprezzata da Deschamps sentitosi in parte esautorato. D&#8217;altronde, nell&#8217;ultima conferenza stampa, dopo la sconfitta con l&#8217;Inghilterra, ha ricordato come la cosa pi\u00f9 importante alla fine sia \u201cil rispetto\u201d. Quello che probabilmente non ha sentito pienamente nell&#8217;ultima fase della sua gestione iniziata nel 2012, quando la Francia era allo sbando dopo il Mondiale della vergogna del 2010 e un Europeo fallito. Deschamps prese il posto dell&#8217;ex compagno di nazionale Laurent Blanc e ha costruito un impero di 185 partite, il 20% del totale della Francia, vincendone 120, pareggiandone 35 e perdendone 30. Venti su ventisette le vittorie al Mondiale. In 14 anni, DD ha utilizzato 124 giocatori facendone debuttare 89, costruendo tra una generazione e l&#8217;altra una squadra di altissimo profilo e vincendo il 40% dei titoli complessivi. \u201cZidane \u2013 ha dichiarato di recente con sportivit\u00e0 Deschamps \u2013 ha il profilo giusto per fare il c.t. della Francia\u201d. Zizou, fermo dal 2021, entrer\u00e0 in carica il primo settembre, mentre l&#8217;annuncio \u00e8 previsto nei prossimi giorni. Deschamps, dopo un periodo di riposo in famiglia, si rimetter\u00e0 subito in gioco: \u201cNon sono il tipo che va a letto la sera senza sapere cosa far\u00e0 al mattino\u201d. Le offerte non dovrebbero mancare, tra il sogno di allenare in o l&#8217;Italia, e le ricche opportunit\u00e0 in Arabia Saudita.<\/p>\n<p class=\"is-copyright\">\u00a9 RIPRODUZIONE RISERVATA<\/p>\n","protected":false},"excerpt":{"rendered":"L&#8217;ormai ex c.t. della Francia lascia tra le polemiche dopo il quarto posto. Il nuovo allenatore sar\u00e0 Zidane:&hellip;\n","protected":false},"author":3,"featured_media":593814,"comment_status":"","ping_status":"","sticky":false,"template":"","format":"standard","meta":{"footnotes":"","_share_on_mastodon":"0"},"categories":[1452],"tags":[16744,16745,327475,2983,327476,327477,32000,721,8840,327472,93441,46664,3889,37372,1426,1740,4300,1975,327473,1537,90,89,2735,793,1353,133,78725,2717,3673,1270,1739,245,244,41736,5267,2199,9262,327474,34105],"class_list":["post-593813","post","type-post","status-publish","format-standard","has-post-thumbnail","category-calcio","tag-accontentare","tag-accontentare-quarto","tag-accontentare-quarto-didier","tag-addio","tag-addio-dd","tag-addio-dd-contaminato","tag-apertamente","tag-calcio","tag-clima","tag-clima-irrespirabile","tag-dd","tag-deschamps","tag-europeo","tag-federali","tag-finale","tag-football","tag-francia","tag-giusto","tag-irrespirabile","tag-it","tag-italia","tag-italy","tag-lascia","tag-media","tag-mondiale","tag-ormai","tag-pienamente","tag-profilo","tag-quarto","tag-rispetto","tag-soccer","tag-sport","tag-sports","tag-successore","tag-tensioni","tag-ultima","tag-vertici","tag-vertici-federali","tag-zidane"],"share_on_mastodon":{"url":"https:\/\/pubeurope.com\/@it\/116952580179639710","error":""},"_links":{"self":[{"href":"https:\/\/www.europesays.com\/it\/wp-json\/wp\/v2\/posts\/593813","targetHints":{"allow":["GET"]}}],"collection":[{"href":"https:\/\/www.europesays.com\/it\/wp-json\/wp\/v2\/posts"}],"about":[{"href":"https:\/\/www.europesays.com\/it\/wp-json\/wp\/v2\/types\/post"}],"author":[{"embeddable":true,"href":"https:\/\/www.europesays.com\/it\/wp-json\/wp\/v2\/users\/3"}],"replies":[{"embeddable":true,"href":"https:\/\/www.europesays.com\/it\/wp-json\/wp\/v2\/comments?post=593813"}],"version-history":[{"count":0,"href":"https:\/\/www.europesays.com\/it\/wp-json\/wp\/v2\/posts\/593813\/revisions"}],"wp:featuredmedia":[{"embeddable":true,"href":"https:\/\/www.europesays.com\/it\/wp-json\/wp\/v2\/media\/593814"}],"wp:attachment":[{"href":"https:\/\/www.europesays.com\/it\/wp-json\/wp\/v2\/media?parent=593813"}],"wp:term":[{"taxonomy":"category","embeddable":true,"href":"https:\/\/www.europesays.com\/it\/wp-json\/wp\/v2\/categories?post=593813"},{"taxonomy":"post_tag","embeddable":true,"href":"https:\/\/www.europesays.com\/it\/wp-json\/wp\/v2\/tags?post=593813"}],"curies":[{"name":"wp","href":"https:\/\/api.w.org\/{rel}","templated":true}]}}