{"id":593826,"date":"2026-07-20T13:46:15","date_gmt":"2026-07-20T13:46:15","guid":{"rendered":"https:\/\/www.europesays.com\/it\/593826\/"},"modified":"2026-07-20T13:46:15","modified_gmt":"2026-07-20T13:46:15","slug":"noemi-cade-dal-palco-durante-un-concerto-in-abruzzo-e-in-ospedale-per-accertamenti-un-grande-spavento-ma-ho-la-testa-dura-sospeso-il-tour","status":"publish","type":"post","link":"https:\/\/www.europesays.com\/it\/593826\/","title":{"rendered":"Noemi cade dal palco durante un concerto in Abruzzo. \u00c8 in ospedale per accertamenti: \u00abUn grande spavento, ma ho la testa dura\u00bb. Sospeso il tour"},"content":{"rendered":"<p>    di<br \/>\n    Federica Maccotta<\/p>\n<p class=\"summary-art is-line-h-12\">La cantante ha perso l&#8217;equilibrio mentre si esibiva a San Salvo Marina, in provincia di Chieti. Cancellati i prossimi live in programma<\/p>\n<p class=\"chapter-paragraph\"><b>Noemi \u00e8 caduta dal palco mentre si esibiva in concerto a San Salvo Marina<\/b>, in provincia di Chieti. Nei video che rimbalzano sui social si vede la cantante romana, 44 anni, avvicinarsi al bordo del palcoscenico alla fine di un brano per salutare il pubblico, perdere l&#8217;equilibrio e rovinare a terra. dall&#8217;ospedale, dove \u00e8 stata portata per accertamenti, ha comunicato ai fan di dover <b>sospendere il tour annullando i prossimi concerti<\/b>: \u00abI medici mi hanno chiesto di prendermi 4 settimane di riposo per recuperare\u00bb.\u00a0<\/p>\n<p class=\"chapter-paragraph\">Veronica Scopelliti (questo il suo vero nome), occhiali da sole e top argentato, domenica 19 luglio\u00a0<b>aveva appena finito di eseguire il brano Briciole<\/b> quando ha raggiunto il bordo del palco ed \u00e8 volata gi\u00f9. Secondo i media locali nella caduta<b> si \u00e8 ferita alla testa ed \u00e8 stata medicata sul posto dal 118<\/b>, per poi essere trasferita all&#8217;ospedale San Pio da Pietrelcina di Vasto per accertamenti.\u00a0    &#13;<br \/>\n&#13;<br \/>\n&#13;<br \/>\n&#13;<br \/>\n&#13;<br \/>\n&#13;<br \/>\n&#13;<br \/>\n&#13;<br \/>\n&#13;<br \/>\n&#13;<br \/>\n&#13;<br \/>\n&#13;<br \/>\n&#13;<br \/>\n&#13;<br \/>\n&#13;<br \/>\n&#13;<br \/>\n&#13;<br \/>\n&#13;<br \/>\n&#13;<br \/>\n&#13;<br \/>\n&#13;<br \/>\n&#13;<br \/>\n&#13;<br \/>\n&#13;<br \/>\n&#13;<br \/>\n&#13;<br \/>\n&#13;<br \/>\n&#13;<br \/>\n&#13;<br \/>\n&#13;<br \/>\n&#13;<br \/>\n&#13;<br \/>\n&#13;<br \/>\n&#13;<br \/>\n&#13;<br \/>\n&#13;<br \/>\n&#13;<br \/>\n&#13;<br \/>\n&#13;<br \/>\n&#13;<br \/>\n&#13;<br \/>\n&#13;<br \/>\n&#13;<br \/>\n&#13;<br \/>\n&#13;<br \/>\n&#13;<br \/>\n&#13;<br \/>\n&#13;<br \/>\n&#13;<br \/>\n&#13;<br \/>\n&#13;<br \/>\n&#13;<br \/>\n&#13;\n<\/p>\n<p class=\"chapter-paragraph\"><b>Il concerto \u00e8 stato sospeso alle 22.30<\/b>.     \u00abLa cantante \u00e8 stata trasportata in ospedale per gli accertamenti del caso \u2014 ha reso noto il Comune \u2014. Nella speranza che non si tratti di nulla di grave, rivolgiamo a Noemi<b> i nostri pi\u00f9 sinceri auguri di una pronta e completa guarigione<\/b>. Per rispetto nei confronti dell&#8217;artista e di quanto accaduto l&#8217;amministrazione ha inoltre deciso di rinviare ad altra data lo spettacolo dei fuochi pirotecnici previsto per questa sera\u00bb.<\/p>\n<p class=\"chapter-paragraph\">La mattina di luned\u00ec, su Instagram, la cantante ha pubblicato <b>una foto in cui \u00e8 nel letto dell&#8217;ospedale<\/b> con una borsa sulla testa e il collare e ha voluto rassicurare i fan. \u00abNon era mia intenzione fare delle acrobazie, avevo i miei soliti occhiali da vista \u2014 ha scritto \u2014.<b> Mi sono presa un grande spavento, ma per fortuna sto bene<\/b>: ho qualche acciacco e un po&#8217; di dolore.  Mi dispiace tantissimo dover rinunciare ai prossimi concerti, ma i medici mi hanno chiesto di prendermi 4 settimane di riposo per recuperare.  Grazie di cuore per tutti i vostri messaggi, l&#8217;affetto e la vicinanza. Mi avete fatto sentire davvero tanto amore. <b>Ho la testa dura non vi preoccupate<\/b>!\u00bb-<\/p>\n<p class=\"is-last-update\" datetime=\"2026-07-20T12:37:08+02:00\">20 luglio 2026 ( modifica il 20 luglio 2026 | 12:37)<\/p>\n<p class=\"is-copyright\">\n            \u00a9 RIPRODUZIONE RISERVATA\n        <\/p>\n","protected":false},"excerpt":{"rendered":"di Federica Maccotta La cantante ha perso l&#8217;equilibrio mentre si esibiva a San Salvo Marina, in provincia di&hellip;\n","protected":false},"author":3,"featured_media":593827,"comment_status":"","ping_status":"","sticky":false,"template":"","format":"standard","meta":{"footnotes":"","_share_on_mastodon":"0"},"categories":[174],"tags":[2801,8650,14096,2770,2942,1061,327478,327479,39370,2943,327480,327481,1569,13964,6543,203,9606,255573,204,1537,90,89,8501,812,2298,6520,532,1928],"class_list":["post-593826","post","type-post","status-publish","format-standard","has-post-thumbnail","category-intrattenimento","tag-accertamenti","tag-bordo","tag-brano","tag-caduta","tag-cantante","tag-chiesto","tag-chiesto-prendermi","tag-chiesto-prendermi-settimane","tag-chieti","tag-concerti","tag-concerti-medici","tag-concerti-medici-chiesto","tag-concerto","tag-dover","tag-dura","tag-entertainment","tag-equilibrio","tag-esibiva","tag-intrattenimento","tag-it","tag-italia","tag-italy","tag-noemi","tag-ospedale","tag-palco","tag-prossimi","tag-san","tag-testa"],"share_on_mastodon":{"url":"https:\/\/pubeurope.com\/@it\/116952615436428201","error":""},"_links":{"self":[{"href":"https:\/\/www.europesays.com\/it\/wp-json\/wp\/v2\/posts\/593826","targetHints":{"allow":["GET"]}}],"collection":[{"href":"https:\/\/www.europesays.com\/it\/wp-json\/wp\/v2\/posts"}],"about":[{"href":"https:\/\/www.europesays.com\/it\/wp-json\/wp\/v2\/types\/post"}],"author":[{"embeddable":true,"href":"https:\/\/www.europesays.com\/it\/wp-json\/wp\/v2\/users\/3"}],"replies":[{"embeddable":true,"href":"https:\/\/www.europesays.com\/it\/wp-json\/wp\/v2\/comments?post=593826"}],"version-history":[{"count":0,"href":"https:\/\/www.europesays.com\/it\/wp-json\/wp\/v2\/posts\/593826\/revisions"}],"wp:featuredmedia":[{"embeddable":true,"href":"https:\/\/www.europesays.com\/it\/wp-json\/wp\/v2\/media\/593827"}],"wp:attachment":[{"href":"https:\/\/www.europesays.com\/it\/wp-json\/wp\/v2\/media?parent=593826"}],"wp:term":[{"taxonomy":"category","embeddable":true,"href":"https:\/\/www.europesays.com\/it\/wp-json\/wp\/v2\/categories?post=593826"},{"taxonomy":"post_tag","embeddable":true,"href":"https:\/\/www.europesays.com\/it\/wp-json\/wp\/v2\/tags?post=593826"}],"curies":[{"name":"wp","href":"https:\/\/api.w.org\/{rel}","templated":true}]}}