{"id":593836,"date":"2026-07-20T13:51:17","date_gmt":"2026-07-20T13:51:17","guid":{"rendered":"https:\/\/www.europesays.com\/it\/593836\/"},"modified":"2026-07-20T13:51:17","modified_gmt":"2026-07-20T13:51:17","slug":"andy-burnham-nuovo-premier-uk-oggi-laddio-di-keir-starmer","status":"publish","type":"post","link":"https:\/\/www.europesays.com\/it\/593836\/","title":{"rendered":"Andy Burnham nuovo premier UK: oggi l&#8217;addio di Keir Starmer"},"content":{"rendered":"<p>Giornata cruciale per la Gran Bretagna:\u00a0<a data-intcmp=\"skytg24_foglia articolo_interlink_text\" href=\"https:\/\/tg24.sky.it\/mondo\/approfondimenti\/andy-burnham-chi-e\" rel=\"nofollow noopener\" target=\"_blank\">Andy Burnham<\/a> \u00e8 il nuovo primo ministro laburista. E, nel suo primo discorso davanti a Downing Street, ha gi\u00e0 tracciato la linea del suo governo:\u00a0&#8220;La Gran Bretagna deve mostrare al mondo che pu\u00f2 ritrovare la sua stabilit\u00e0: \u00e8 questa la sfida che abbiamo davanti&#8221;.\u00a0&#8220;Dobbiamo fare meglio&#8221; di quanto \u00e8 stato fatto negli ultimi anni &#8220;e lo faremo&#8221;, ha aggiunto, assicurando di avere &#8220;un piano&#8221; di lungo periodo, per migliorare il Paese nei prossimi &#8220;10 anni&#8221;, ribadendo di voler rendere &#8220;pi\u00f9 sostenibili&#8221; le condizioni di chi sta peggio.\u00a0<\/p>\n<p>Il discorso di Burnham \u00e8 arrivato poche ore dopo quello di\u00a0<a data-intcmp=\"skytg24_foglia articolo_interlink_text\" href=\"https:\/\/tg24.sky.it\/mondo\/2026\/06\/22\/keir-starmer-dimissioni-news\" rel=\"nofollow noopener\" target=\"_blank\">Keir Starmer<\/a>\u00a0che, in mattinata, sempre da Downing Street, ha pronunciato il suo addio da primo ministro, prima di andare da re Carlo III per offrire le sue dimissioni: &#8220;Abbiamo ottenuto risultati importanti&#8221;, ha rivendicato.<\/p>\n<p>\t\t\tL&#8217;ultimo discorso di Starmer<\/p>\n<p>&#8220;Il mio lavoro \u00e8 stato fatto, lascio un Paese pi\u00f9 forte e pi\u00f9 equo di due anni fa&#8221;, ha detto Keir Starmer nel suo discorso di saluto alla nazione.\u00a0Non \u00e8 mancato un riferimento al sostegno all&#8217;Ucraina e alla certezza che &#8220;la nostra grande nazione&#8221; continuer\u00e0 a stare al fianco di Kiev. Sul fronte interno, ha parlato di un&#8217;economia tornata &#8220;a crescere&#8221;. &#8220;Auguro ogni successo ad Andy Burnham, avr\u00e0 il mio pieno sostegno&#8221;, ha assicurato.\u00a0&#8220;Me ne vado con buona grazia, con il sorriso sul volto e orgoglioso di quanto abbiamo fatto&#8221;.<\/p>\n<p>\t\t \tIl primo discorso di Burnham da premier<\/p>\n<p>Burnham, invece, insediandosi a Downing Strett, ha evocato un nuovo &#8220;modello economico&#8221; per il Paese, soffermandosi soprattutto sulla necessit\u00e0 di una svolta in politica interna e di decentramento, dopo decenni di ricette neoliberali in cui &#8211; \u00e8 tornato a dire &#8211; &#8220;la politica \u00e8 stata centralizzata e l&#8217;economia privatizzata&#8221; a dismisura.\u00a0 Ha quindi parlato di &#8220;speranza&#8221;, di &#8220;unit\u00e0&#8221;, di &#8220;positivit\u00e0&#8221; e di &#8220;una comune determinazione&#8221; a cambiare. Ha anche evocato la necessit\u00e0 di rispettare i paletti di bilancio, &#8220;le regole fiscali&#8221; di riportare sotto controllo i costi del welfare in modo &#8220;equo e sostenibile&#8221;, d&#8217;investire &#8220;nel successo&#8221; di coloro che sono rimasti indietro &#8220;invece che di pagare per il loro abbandono&#8221;.\u00a0 E, sullo sfondo della sua gi\u00e0 annunciata intenzione di creare una succursale del Numero 10, denominata Downing Street Nord, per rilanciare il decentramento e la devolution, ha infine fatto cenno a un qualche recupero del progetto &#8211; cancellato sotto il governo Starmer per ragioni di costi &#8211; per l&#8217;alta velocit\u00e0 ferroviaria estesa ai treni sulla tratta Birmingham-Manchester.\u00a0<\/p>\n<p>\t\t\t<a class=\"c-inline-card j-inline-card c-inline-card--with-image\" href=\"https:\/\/tg24.sky.it\/mondo\/2026\/07\/19\/andy-burnham-uk-sfide\" rel=\"follow nofollow noopener\" data-intcmp=\"skytg24_articolo_approfondimenti_inline\" target=\"_blank\"><\/p>\n<p>\t\t\t         <img decoding=\"async\" crossorigin=\"anonymous\" alt=\"\" src=\"https:\/\/www.europesays.com\/it\/wp-content\/uploads\/2026\/07\/1784555477_846_burnham_ansa.jpeg\"  loading=\"lazy\"  bad-src=\"https:\/\/www.europesays.com\/it\/wp-content\/uploads\/2026\/07\/1784555477_846_burnham_ansa.jpeg\"\/><\/p>\n<p>\n\t\t\t         Approfondimento<br \/>\n\t\t\t         Uk, inizia l&#8217;era di Andy Burnham: dalle pensioni alla difesa, le sfide\n\t\t\t      <\/p>\n<p>\t\t\t<\/a><\/p>\n","protected":false},"excerpt":{"rendered":"Giornata cruciale per la Gran Bretagna:\u00a0Andy Burnham \u00e8 il nuovo primo ministro laburista. E, nel suo primo discorso&hellip;\n","protected":false},"author":3,"featured_media":593837,"comment_status":"","ping_status":"","sticky":false,"template":"","format":"standard","meta":{"footnotes":"","_share_on_mastodon":"0"},"categories":[6],"tags":[14,369,6874,8,1537,90,89,7,15,82,9,83,10,365,13,17939,11,80,84,12,81,85],"class_list":["post-593836","post","type-post","status-publish","format-standard","has-post-thumbnail","category-ultime-notizie","tag-cronaca","tag-digitall","tag-gran-bretagna","tag-headlines","tag-it","tag-italia","tag-italy","tag-news","tag-notizie","tag-notizie-di-cronaca","tag-notizie-principali","tag-notiziedicronaca","tag-notizieprincipali","tag-regno-unito","tag-titoli","tag-uk","tag-ultime-notizie","tag-ultime-notizie-di-cronaca","tag-ultime-notizie-e-news-di-oggi","tag-ultimenotizie","tag-ultimenotiziedicronaca","tag-ultimenotizieenewsdioggi"],"share_on_mastodon":{"url":"https:\/\/pubeurope.com\/@it\/116952635882009864","error":""},"_links":{"self":[{"href":"https:\/\/www.europesays.com\/it\/wp-json\/wp\/v2\/posts\/593836","targetHints":{"allow":["GET"]}}],"collection":[{"href":"https:\/\/www.europesays.com\/it\/wp-json\/wp\/v2\/posts"}],"about":[{"href":"https:\/\/www.europesays.com\/it\/wp-json\/wp\/v2\/types\/post"}],"author":[{"embeddable":true,"href":"https:\/\/www.europesays.com\/it\/wp-json\/wp\/v2\/users\/3"}],"replies":[{"embeddable":true,"href":"https:\/\/www.europesays.com\/it\/wp-json\/wp\/v2\/comments?post=593836"}],"version-history":[{"count":0,"href":"https:\/\/www.europesays.com\/it\/wp-json\/wp\/v2\/posts\/593836\/revisions"}],"wp:featuredmedia":[{"embeddable":true,"href":"https:\/\/www.europesays.com\/it\/wp-json\/wp\/v2\/media\/593837"}],"wp:attachment":[{"href":"https:\/\/www.europesays.com\/it\/wp-json\/wp\/v2\/media?parent=593836"}],"wp:term":[{"taxonomy":"category","embeddable":true,"href":"https:\/\/www.europesays.com\/it\/wp-json\/wp\/v2\/categories?post=593836"},{"taxonomy":"post_tag","embeddable":true,"href":"https:\/\/www.europesays.com\/it\/wp-json\/wp\/v2\/tags?post=593836"}],"curies":[{"name":"wp","href":"https:\/\/api.w.org\/{rel}","templated":true}]}}