{"id":593939,"date":"2026-07-20T15:21:13","date_gmt":"2026-07-20T15:21:13","guid":{"rendered":"https:\/\/www.europesays.com\/it\/593939\/"},"modified":"2026-07-20T15:21:13","modified_gmt":"2026-07-20T15:21:13","slug":"supermondiale-haute-savoie-mont-blanc-varato-il-calendario-ufficiale","status":"publish","type":"post","link":"https:\/\/www.europesays.com\/it\/593939\/","title":{"rendered":"SUPERMONDIALE HAUTE-SAVOIE MONT BLANC, VARATO IL CALENDARIO UFFICIALE"},"content":{"rendered":"<p>L&#8217;Union Cycliste Internationale e il Comitato Organizzatore dell&#8217;evento sono lieti di <strong>svelare oggi il calendario dei Campionati Mondiali di Ciclismo UCI 2027 Haute-Savoie Mont-Blanc (Francia)<\/strong>, che si terr\u00e0 dal 24 agosto al 5 settembre 2027.\n            <\/p>\n<p>In quasi due settimane,<strong> il pi\u00f9 grande evento ciclistico mai organizzato riunir\u00e0 pi\u00f9 di 15.000 atleti<\/strong> \u2014 dai pi\u00f9 grandi campioni del mondo ai migliori dilettanti \u2014<strong> rappresentanti le 206 Federazioni Nazionali affiliate all&#8217;UCI.<\/strong> I concorrenti si disputeranno <strong>288 titoli di Campioni del Mondo UCI in 20 diversi Campionati Mondiali UCI, disputati in 16 sedi di competizione.<\/strong> La maggior parte degli eventi si svolger\u00e0 nel dipartimento dell&#8217;Alta Savoia nelle Alpi francesi, mentre gli eventi di ciclismo su pista si terranno a Saint-Quentin-en-Yvelines, vicino a Parigi.\n            <\/p>\n<p><strong>La prima settimana<\/strong> dar\u00e0 il via all&#8217;evento con i momenti salienti che includono <strong>le gare di gravel<\/strong> a Ch\u00e2tel-Portes du Soleil il 26 e 27 agosto, <strong>le finali di BMX Freestyle Flatland<\/strong> a Cluses il 26 agosto,<strong> le finali BMX Racing<\/strong> (sede da confermare) il 27 agosto e <strong>le finali di downhill in mountain bike<\/strong> a Les Gets il 27 e 28 agosto. La settimana culminer\u00e0 in uno dei momenti pi\u00f9 attesi del campionato:<strong> la gara su strada maschile Elite a Sallanches-Domancy-Pays du Mont-Blanc il 29 agosto,<\/strong> su un percorso che includer\u00e0 la mitica salita di Domancy, teatro del titolo mondiale di Bernard Hinault nel 1980.<\/p>\n<p><strong>La seconda settimana<\/strong> si consolider\u00e0 su questo slancio, iniziando con <strong>le prove a tempo su strada<\/strong> intorno al Lago di Annecy il 30 agosto con<strong> le gare individuali Junior<\/strong>, seguite dalle gare Elite il 1\u00b0 settembre. Il programma prosegue con le gare olimpiche di <strong>mountain bike cross-country<\/strong> a Les Gets dal 2 al 4 settembre, le prove a Sallanches-Pays du Mont-Blanc dal 30 agosto al 3 settembre e <strong>le finali del BMX Freestyle Park<\/strong> a Cluses il 4 settembre. Durante tutta la settimana, anche le discipline indoor saranno al centro della scena, con gli<strong> esports ciclistici<\/strong> a \u00c9vian il 31 agosto e il 1\u00b0 settembre, il ciclismo il 30 agosto e <strong>il ciclismo artistico e il ciclo-ball<\/strong> a La Roche-sur-Foron dal 3 al 5 settembre. I Campionati Mondiali UCI di Ciclismo 2027 si concluderanno con <strong>la gara su strada femminile \u00e9lite il 5 settembre<\/strong> a Sallanches-Domancy-Pays du Mont-Blanc.<\/p>\n<p>Nel frattempo<strong>, le gare su pista si svolgeranno in tre sessioni separate<\/strong> al V\u00e9lodrome National de Saint-Quentin-en-Yvelines, la sede che ha ospitato il ciclismo su pista ai Giochi Olimpici e Paralimpici di Parigi 2024. Gli eventi Junior inizieranno dal 16 al 20 agosto, prima di lasciare il posto agli eventi Elite che si terranno dal 26 al 30 agosto. Gli eventi per ciclismo in pista, dal canto loro, si terranno dal 1\u00b0 al 5 settembre.<\/p>\n<p><strong>Ogni giorno sar\u00e0 caratterizzato da eventi in pi\u00f9 discipline<\/strong>, con momenti chiave lungo tutta la gara. Questo favorir\u00e0 una copertura mediatica continua dal primo all&#8217;ultimo giorno, dando anche ai due milioni di spettatori attesi la possibilit\u00e0 di scoprire l&#8217;intera gamma delle discipline ciclistiche come parte di una grande celebrazione dello sport. Il ciclismo nel suo complesso beneficer\u00e0 di straordinari 13 giorni consecutivi di visibilit\u00e0 internazionale.<\/p>\n<p>Il programma dell&#8217;evento \u00e8 stato anche progettato per incoraggiare atleti versatili a competere in pi\u00f9 discipline dei Campionati Mondiali UCI. Infatti, molti atleti si schierano regolarmente in pi\u00f9 di una disciplina, ad esempio in road e mountain bike, strada e pista, gravel e mountain bike, e paraciclismo su strada e pista.<\/p>\n<p>Il programma riflette anche un impegno a rendere l&#8217;inclusione e la parit\u00e0 di genere al centro dell&#8217;evento. Le gare di ciclismo paraciclistico saranno presenti per tutti i 13 giorni di gara, con la staffetta mista su strada per il ciclismo paraciclistico che aprir\u00e0 il conteggio delle medaglie il 25 agosto a Rumilly.<\/p>\n<p>Pienamente impegnato nella parit\u00e0 nel programma sportivo, l&#8217;evento offrir\u00e0 tanti eventi femminili quanto maschili. Le competizioni femminili saranno distribuite per tutta la durata dell&#8217;evento, con un altro simbolo potente che \u00e8 la gara su strada femminile d&#8217;\u00e9lite che chiuder\u00e0 il programma il 5 settembre.<\/p>\n<p><strong>Il presidente dell&#8217;Union Cycliste Internationale David Lappartient ha dichiarato:<\/strong> &#8220;La pubblicazione del programma dei Campionati Mondiali di Ciclismo UCI 2027 rappresenta una tappa cruciale nella preparazione dell&#8217;evento. Dopo una prima edizione a Glasgow e in tutta la Scozia nel 2023, che \u00e8 stata un enorme successo, non c&#8217;\u00e8 dubbio che l&#8217;evento che ci unir\u00e0 in Alta Savoia e Saint-Quentin-en-Yvelines metter\u00e0 ulteriormente in mostra la diversit\u00e0 del nostro sport e il suo carattere profondamente popolare e inclusivo.&#8221;<\/p>\n<p><strong>Il Presidente del Comitato Organizzatore e della F\u00e9d\u00e9ration Fran\u00e7aise de Cyclisme, Michel Callot, ha dichiarato:<\/strong> &#8220;Questo calendario riflette pienamente l&#8217;ambizione di questi Campionati Mondiali UCI Haute-Savoie Mont-Blanc: riunire per la prima volta venti Campionati Mondiali UCI in un unico evento, senza compromettere la visibilit\u00e0 di nessuna disciplina. Ogni disciplina avr\u00e0 il suo momento, ogni atleta avr\u00e0 la sua occasione per brillare, e ogni spettatore vivr\u00e0 qualcosa di unico nel cuore del pi\u00f9 grande evento ciclistico al mondo.&#8221;<\/p>\n<p><strong>Il presidente del Consiglio Dipartimentale dell&#8217;Alta Savoia, Martial Saddier, ha dichiarato<\/strong>: &#8220;Per tredici giorni, l&#8217;Alta Savoia diventer\u00e0 la capitale mondiale del ciclismo femminile, del ciclismo maschile e del paraciclismo. Oltre alla competizione stessa, vogliamo organizzare un vero festival del ciclismo, dove tutti possano condividere l&#8217;emozione dello sport, scoprire nuove discipline e vivere qualcosa di eccezionale nel cuore delle nostre montagne.&#8221;<\/p>\n<p><strong>Bernard Hinault, ambasciatore dei Campionati Mondiali di Ciclismo UCI 2027 in Haute-Savoie Mont-Blanc, ha dichiarato<\/strong>: &#8220;Sono stato abbastanza fortunato da diventare Campione del Mondo UCI a Sallanches nel 1980. Vedere i migliori ciclisti del mondo tornare qui, in tutte le discipline e con il ciclismo paradidattico completamente integrato, \u00e8 qualcosa di davvero speciale. Sono certo che questa edizione passer\u00e0 alla storia del nostro sport.&#8221;<\/p>\n<p><a href=\"https:\/\/www.hautesavoie2027.com\/en\/\" target=\"_blank\" rel=\"noopener nofollow\">Sito ufficiale dei Campionati Mondiali UCI di Ciclismo 2027 Haute-Savoie Mont-Blanc<\/a><\/p>\n<p>nel pdf allegato, il calendario completo<\/p>\n","protected":false},"excerpt":{"rendered":"L&#8217;Union Cycliste Internationale e il Comitato Organizzatore dell&#8217;evento sono lieti di svelare oggi il calendario dei Campionati Mondiali&hellip;\n","protected":false},"author":3,"featured_media":593940,"comment_status":"","ping_status":"","sticky":false,"template":"","format":"standard","meta":{"footnotes":"","_share_on_mastodon":"0"},"categories":[1456],"tags":[99904,1824,1825,327513,1537,90,89,66224,245,244,3148],"class_list":["post-593939","post","type-post","status-publish","format-standard","has-post-thumbnail","category-ciclismo","tag-campionati-mondiali","tag-ciclismo","tag-cycling","tag-haute-savoie","tag-it","tag-italia","tag-italy","tag-mondiali-2027","tag-sport","tag-sports","tag-uci"],"share_on_mastodon":{"url":"https:\/\/pubeurope.com\/@it\/116952988856129082","error":""},"_links":{"self":[{"href":"https:\/\/www.europesays.com\/it\/wp-json\/wp\/v2\/posts\/593939","targetHints":{"allow":["GET"]}}],"collection":[{"href":"https:\/\/www.europesays.com\/it\/wp-json\/wp\/v2\/posts"}],"about":[{"href":"https:\/\/www.europesays.com\/it\/wp-json\/wp\/v2\/types\/post"}],"author":[{"embeddable":true,"href":"https:\/\/www.europesays.com\/it\/wp-json\/wp\/v2\/users\/3"}],"replies":[{"embeddable":true,"href":"https:\/\/www.europesays.com\/it\/wp-json\/wp\/v2\/comments?post=593939"}],"version-history":[{"count":0,"href":"https:\/\/www.europesays.com\/it\/wp-json\/wp\/v2\/posts\/593939\/revisions"}],"wp:featuredmedia":[{"embeddable":true,"href":"https:\/\/www.europesays.com\/it\/wp-json\/wp\/v2\/media\/593940"}],"wp:attachment":[{"href":"https:\/\/www.europesays.com\/it\/wp-json\/wp\/v2\/media?parent=593939"}],"wp:term":[{"taxonomy":"category","embeddable":true,"href":"https:\/\/www.europesays.com\/it\/wp-json\/wp\/v2\/categories?post=593939"},{"taxonomy":"post_tag","embeddable":true,"href":"https:\/\/www.europesays.com\/it\/wp-json\/wp\/v2\/tags?post=593939"}],"curies":[{"name":"wp","href":"https:\/\/api.w.org\/{rel}","templated":true}]}}