{"id":594048,"date":"2026-07-20T16:51:11","date_gmt":"2026-07-20T16:51:11","guid":{"rendered":"https:\/\/www.europesays.com\/it\/594048\/"},"modified":"2026-07-20T16:51:11","modified_gmt":"2026-07-20T16:51:11","slug":"the-weeknd-in-concerto-a-milano-a-san-siro-la-possibile-scaletta","status":"publish","type":"post","link":"https:\/\/www.europesays.com\/it\/594048\/","title":{"rendered":"The Weeknd in concerto a Milano a San Siro, la possibile scaletta"},"content":{"rendered":"<p>Il conto alla rovescia \u00e8 quasi finito: <strong>da venerd\u00ec 24 a domenica 26 luglio <a title=\"The Weeknd a Milano: tre date allo stadio San Siro\" data-intcmp=\"skytg24_foglia articolo_interlink_text\" href=\"https:\/\/tg24.sky.it\/spettacolo\/musica\/2025\/09\/10\/the-weeknd-concerto-milano-san-siro\" rel=\"nofollow noopener\" target=\"_blank\">The Weeknd sar\u00e0 protagonista a Milano con tre concerti allo stadio San Siro<\/a><\/strong>, unica tappa italiana della leg europea dell&#8217;After Hours Til Dawn Tour. <\/p>\n<p>\u00a0<\/p>\n<p>Un ritorno attesissimo, tre anni dopo la doppia data all&#8217;Ippodromo La Maura del 2023, per una tourn\u00e9e che nel frattempo \u00e8 entrata nella storia: oltre 7,5 milioni di biglietti venduti e pi\u00f9 di un miliardo di dollari di incassi. Ad aprire le serate ci sar\u00e0 il rapper statunitense <strong>Playboi Carti<\/strong>, che accompagna Abel Tesfaye in tutte le date europee e che, nei concerti precedenti, \u00e8 salito sul palco anche durante lo show principale, per i duetti Timeless e Rather Lie.<\/p>\n<p>La possibile scaletta<\/p>\n<p>Salvo sorprese, la struttura dello spettacolo dovrebbe ricalcare quella delle tappe gi\u00e0 andate in scena in Europa, a partire dal debutto di Copenaghen: <strong>una maratona di circa quaranta brani<\/strong> che pesca a piene mani dall&#8217;ultimo album Hurry Up Tomorrow, uscito nel 2025, senza dimenticare le hit che hanno segnato quindici anni di carriera. Questa la scaletta di riferimento:<\/p>\n<ol>\n<li>Baptized In Fear<\/li>\n<li>Open Hearts<\/li>\n<li>Wake Me Up<\/li>\n<li>After Hours<\/li>\n<li>Starboy<\/li>\n<li>Heartless<\/li>\n<li>Faith<\/li>\n<li>Cry For Me<\/li>\n<li>S\u00e3o Paulo<\/li>\n<li>Take My Breath<\/li>\n<li>Sacrifice<\/li>\n<li>How Do I Make You Love Me?<\/li>\n<li>Eva<\/li>\n<li>Can&#8217;t Feel My Face<\/li>\n<li>Lost In The Fire<\/li>\n<li>Often<\/li>\n<li>Given Up On Me<\/li>\n<li>I Was Never There<\/li>\n<li>The Hills<\/li>\n<li>Timeless<\/li>\n<li>Rather Lie<\/li>\n<li>Creepin&#8217;<\/li>\n<li>Niagara Falls<\/li>\n<li>One Of The Girls<\/li>\n<li>Stargirl Interlude<\/li>\n<li>Out Of Time<\/li>\n<li>I Feel It Coming<\/li>\n<li>Die For You<\/li>\n<li>Is There Someone Else?<\/li>\n<li>Wicked Games<\/li>\n<li>Call Out My Name<\/li>\n<li>The Abyss<\/li>\n<li>Professional<\/li>\n<li>Save Your Tears<\/li>\n<li>Less Than Zero<\/li>\n<li>Blinding Lights<\/li>\n<li>Without A Warning<\/li>\n<li>House Of Balloons<\/li>\n<li>Moth To A Flame<\/li>\n<\/ol>\n<p>Uno show monumentale<\/p>\n<p>Anche la produzione promette di lasciare il segno. Al centro del palco troneggia una scultura dorata alta dodici metri firmata dall&#8217;artista giapponese Hajime Sorayama, la pi\u00f9 imponente commissione artistica mai realizzata per un tour dal vivo, circondata da gigantesche rovine dorate, laser, fiamme e proiezioni immersive: un paesaggio post-apocalittico che sostituisce lo skyline urbano della tourn\u00e9e del 2023. Lo spettacolo dura poco meno di due ore e i momenti pi\u00f9 attesi restano quelli affidati ai classici, da Take My Breath a The Hills, fino al gran finale con Save Your Tears e Blinding Lights, il brano simbolo dell&#8217;artista nonch\u00e9 la canzone pi\u00f9 ascoltata di sempre su Spotify. La durata e l&#8217;ordine dei pezzi potranno naturalmente variare, tra ospiti a sorpresa ed eventuali bis.<\/p>\n<p>\t\t\t<a class=\"c-inline-card j-inline-card c-inline-card--with-image\" href=\"https:\/\/tg24.sky.it\/spettacolo\/musica\/2025\/01\/31\/album-the-weeknd-hurry-up-tomorrow\" rel=\"follow nofollow noopener\" data-intcmp=\"skytg24_articolo_approfondimenti_inline\" target=\"_blank\"><\/p>\n<p>\t\t\t         <img decoding=\"async\" crossorigin=\"anonymous\" alt=\"\" src=\"https:\/\/www.europesays.com\/it\/wp-content\/uploads\/2026\/07\/the_weeknd.jpg\"  loading=\"lazy\"  bad-src=\"https:\/\/www.europesays.com\/it\/wp-content\/uploads\/2026\/07\/the_weeknd.jpg\"\/><\/p>\n<p>\n\t\t\t         Approfondimento<br \/>\n\t\t\t         The Weeknd, \u00e8 uscito il nuovo album Hurry Up Tomorrow: cosa sapere\n\t\t\t      <\/p>\n<p>\t\t\t<\/a><\/p>\n","protected":false},"excerpt":{"rendered":"Il conto alla rovescia \u00e8 quasi finito: da venerd\u00ec 24 a domenica 26 luglio The Weeknd sar\u00e0 protagonista&hellip;\n","protected":false},"author":3,"featured_media":594049,"comment_status":"","ping_status":"","sticky":false,"template":"","format":"standard","meta":{"footnotes":"","_share_on_mastodon":"0"},"categories":[1443],"tags":[203,204,1537,90,89,1538,1539,30914],"class_list":["post-594048","post","type-post","status-publish","format-standard","has-post-thumbnail","category-musica","tag-entertainment","tag-intrattenimento","tag-it","tag-italia","tag-italy","tag-music","tag-musica","tag-the-weeknd"],"share_on_mastodon":{"url":"https:\/\/pubeurope.com\/@it\/116953343496772158","error":""},"_links":{"self":[{"href":"https:\/\/www.europesays.com\/it\/wp-json\/wp\/v2\/posts\/594048","targetHints":{"allow":["GET"]}}],"collection":[{"href":"https:\/\/www.europesays.com\/it\/wp-json\/wp\/v2\/posts"}],"about":[{"href":"https:\/\/www.europesays.com\/it\/wp-json\/wp\/v2\/types\/post"}],"author":[{"embeddable":true,"href":"https:\/\/www.europesays.com\/it\/wp-json\/wp\/v2\/users\/3"}],"replies":[{"embeddable":true,"href":"https:\/\/www.europesays.com\/it\/wp-json\/wp\/v2\/comments?post=594048"}],"version-history":[{"count":0,"href":"https:\/\/www.europesays.com\/it\/wp-json\/wp\/v2\/posts\/594048\/revisions"}],"wp:featuredmedia":[{"embeddable":true,"href":"https:\/\/www.europesays.com\/it\/wp-json\/wp\/v2\/media\/594049"}],"wp:attachment":[{"href":"https:\/\/www.europesays.com\/it\/wp-json\/wp\/v2\/media?parent=594048"}],"wp:term":[{"taxonomy":"category","embeddable":true,"href":"https:\/\/www.europesays.com\/it\/wp-json\/wp\/v2\/categories?post=594048"},{"taxonomy":"post_tag","embeddable":true,"href":"https:\/\/www.europesays.com\/it\/wp-json\/wp\/v2\/tags?post=594048"}],"curies":[{"name":"wp","href":"https:\/\/api.w.org\/{rel}","templated":true}]}}