{"id":59421,"date":"2025-08-21T03:08:17","date_gmt":"2025-08-21T03:08:17","guid":{"rendered":"https:\/\/www.europesays.com\/it\/59421\/"},"modified":"2025-08-21T03:08:17","modified_gmt":"2025-08-21T03:08:17","slug":"vuelta-a-espana-2025-la-picnic-postnl-si-ritrova-senza-max-poole-e-vira-sulle-tappe-con-casper-van-uden-e-kevin-vermaerke","status":"publish","type":"post","link":"https:\/\/www.europesays.com\/it\/59421\/","title":{"rendered":"Vuelta a Espa\u00f1a 2025, la Picnic PostNL si ritrova senza Max Poole e vira sulle tappe con Casper Van Uden e Kevin Vermaerke"},"content":{"rendered":"<p>\t\t<img width=\"2560\" height=\"1439\" src=\"https:\/\/www.europesays.com\/it\/wp-content\/uploads\/2025\/08\/1162751429-scaled.jpg\" class=\"attachment-full size-full wp-post-image\" alt=\"\" data-main-img=\"1\" decoding=\"async\" fetchpriority=\"high\"  \/><\/p>\n<p>\t\t\t\t\t\t\t \u00a9 Sirotti<\/p>\n<p>\t\t\t\t\t<a href=\"https:\/\/cyclingpro.net\/spaziociclismo\/altro\/scopri-lapp-ufficiale-di-spaziociclismo\/\" title=\"\" rel=\"nofollow noopener\" target=\"_blank\"><br \/>\n\t\t\t\t\t\t<img loading=\"lazy\" decoding=\"async\" src=\"https:\/\/www.europesays.com\/it\/wp-content\/uploads\/2025\/07\/Banner-App-SpazioCiclismo.png\" alt=\"\" width=\"728\" height=\"91\"\/><br \/>\n\t\t\t\t\t<\/a><\/p>\n<p>Formazione senza punte dichiarate per la <strong>Picnic PostNL<\/strong> alla <strong>Vuelta a Espa\u00f1a 2025<\/strong>. La squadra WorldTour neerlandese ha dovuto rinunciare proprio poco prima della partenza a quello che <a href=\"https:\/\/cyclingpro.net\/spaziociclismo\/worldtour\/team-picnic-postnl-max-poole-ha-la-mononucleosi-niente-vuelta-e-stagione-probabilmente-finita\/\" target=\"_blank\" rel=\"noopener nofollow\">sarebbe stato il suo capitano designato, Max Poole.\u00a0<\/a>Cos\u00ec, non ci saranno corridori che cureranno la classifica, ma si andr\u00e0 a caccia di successi parziali, fra volate e fughe. Per i finali pi\u00f9 veloci si far\u00e0 affidamento sullo spunto di <strong>Casper van Uden<\/strong>, uno dei pochi velocisti puri presenti in gara. Per le tappe pi\u00f9 movimentate dal punto di vista altimetrico, andranno a caccia di gloria <strong>Kevin Vermaerke, Chris Hamilton<\/strong> e il giovane <strong>Bjorn Koerdt<\/strong>, che recentemente si \u00e8 messo in buona evidenza nelle gare affrontate.<\/p>\n<p>Uomo da fuga sar\u00e0 anche<strong> Gijs Leemreize<\/strong>, mentre il 20enne colombiano <strong>Juan Guillermo Martinez<\/strong> sar\u00e0 al primo Grande Giro della sua carriera e per lui andr\u00e0 primo tutto valutato l\u2019impatto con una corsa cos\u00ec esigente. A chiudere la formazione della Picnic PostNL ci saranno i gregari <strong>Patrick Eddy<\/strong> e <strong>Timo Roosen<\/strong>.<\/p>\n<p>\u00a0<\/p>\n<p>Seguici<\/p>\n<p>\t\t\t\t\t\t\t\t\t\t<a href=\"https:\/\/news.google.com\/publications\/CAAqBwgKMNaVhQswhaiCAw?hl=it&amp;gl=IT&amp;ceid=IT%3Ait\" title=\"Google News\" target=\"_blank\" rel=\"nofollow noopener\" class=\"post-followus-btn google-new-btn\"><br \/>\n\t\t\t\t\t\t<img decoding=\"async\" src=\"https:\/\/cyclingpro.net\/spaziociclismo\/wp-content\/themes\/jannah\/assets\/images\/google-news.svg\" alt=\"Google News\" loading=\"lazy\" width=\"120\" height=\"22\"\/><br \/>\n\t\t\t\t\t<\/a><br \/>\n\t\t\t\t\t\t\t\t\t\t<a href=\"https:\/\/flipboard.com\/@SpazioCiclismo\" title=\"Flipboard\" target=\"_blank\" rel=\"nofollow noopener\" class=\"post-followus-btn flipboard-btn\"><br \/>\n\t\t\t\t\t\t<img decoding=\"async\" src=\"https:\/\/cyclingpro.net\/spaziociclismo\/wp-content\/themes\/jannah\/assets\/images\/flipboard.svg\" alt=\"Flipboard\" loading=\"lazy\" width=\"152\" height=\"30\"\/><br \/>\n\t\t\t\t\t<\/a><\/p>\n","protected":false},"excerpt":{"rendered":"\u00a9 Sirotti Formazione senza punte dichiarate per la Picnic PostNL alla Vuelta a Espa\u00f1a 2025. La squadra WorldTour&hellip;\n","protected":false},"author":3,"featured_media":42943,"comment_status":"","ping_status":"","sticky":false,"template":"","format":"standard","meta":{"footnotes":""},"categories":[1456],"tags":[1824,1825,1537,90,89,245,244,29368,13981],"class_list":{"0":"post-59421","1":"post","2":"type-post","3":"status-publish","4":"format-standard","5":"has-post-thumbnail","7":"category-ciclismo","8":"tag-ciclismo","9":"tag-cycling","10":"tag-it","11":"tag-italia","12":"tag-italy","13":"tag-sport","14":"tag-sports","15":"tag-team-picnic-postnl-2025","16":"tag-vuelta-a-espana-2025"},"share_on_mastodon":{"url":"","error":""},"_links":{"self":[{"href":"https:\/\/www.europesays.com\/it\/wp-json\/wp\/v2\/posts\/59421","targetHints":{"allow":["GET"]}}],"collection":[{"href":"https:\/\/www.europesays.com\/it\/wp-json\/wp\/v2\/posts"}],"about":[{"href":"https:\/\/www.europesays.com\/it\/wp-json\/wp\/v2\/types\/post"}],"author":[{"embeddable":true,"href":"https:\/\/www.europesays.com\/it\/wp-json\/wp\/v2\/users\/3"}],"replies":[{"embeddable":true,"href":"https:\/\/www.europesays.com\/it\/wp-json\/wp\/v2\/comments?post=59421"}],"version-history":[{"count":0,"href":"https:\/\/www.europesays.com\/it\/wp-json\/wp\/v2\/posts\/59421\/revisions"}],"wp:featuredmedia":[{"embeddable":true,"href":"https:\/\/www.europesays.com\/it\/wp-json\/wp\/v2\/media\/42943"}],"wp:attachment":[{"href":"https:\/\/www.europesays.com\/it\/wp-json\/wp\/v2\/media?parent=59421"}],"wp:term":[{"taxonomy":"category","embeddable":true,"href":"https:\/\/www.europesays.com\/it\/wp-json\/wp\/v2\/categories?post=59421"},{"taxonomy":"post_tag","embeddable":true,"href":"https:\/\/www.europesays.com\/it\/wp-json\/wp\/v2\/tags?post=59421"}],"curies":[{"name":"wp","href":"https:\/\/api.w.org\/{rel}","templated":true}]}}